{"id":111481,"date":"2019-08-21T11:41:32","date_gmt":"2019-08-21T14:41:32","guid":{"rendered":"http:\/\/www.caririemacao.com\/1\/?p=111481"},"modified":"2019-08-21T11:41:32","modified_gmt":"2019-08-21T14:41:32","slug":"camara-realiza-sessao-e-aprova-voto-de-aplausos-a-radio-caraubas-fm-web","status":"publish","type":"post","link":"https:\/\/www.caririemacao.com\/1\/2019\/08\/21\/camara-realiza-sessao-e-aprova-voto-de-aplausos-a-radio-caraubas-fm-web\/","title":{"rendered":"C\u00e2mara realiza sess\u00e3o e aprova Voto de aplausos \u00e0 R\u00e1dio Cara\u00fabas FM Web"},"content":{"rendered":"\n<p>O Poder Legislativo caraubense se reuniu na noite desta ter\u00e7a-feira (20\/08) para a mais uma sess\u00e3o ordin\u00e1ria. A reuni\u00e3o contou com a presen\u00e7a de oito dos nove vereadores, apenas com aus\u00eancia de In\u00e1cio de Nass\u00fa.<\/p>\n\n\n\n<figure class=\"wp-block-image\"><img fetchpriority=\"high\" decoding=\"async\" width=\"1024\" height=\"683\" src=\"http:\/\/www.caririemacao.com\/1\/wp-content\/uploads\/2019\/08\/camera-2-pra\u00e7aDSC_0035-1024x683.jpg\" alt=\"\" class=\"wp-image-111484\" srcset=\"https:\/\/www.caririemacao.com\/1\/wp-content\/uploads\/2019\/08\/camera-2-pra\u00e7aDSC_0035-1024x683.jpg 1024w, https:\/\/www.caririemacao.com\/1\/wp-content\/uploads\/2019\/08\/camera-2-pra\u00e7aDSC_0035-300x200.jpg 300w, https:\/\/www.caririemacao.com\/1\/wp-content\/uploads\/2019\/08\/camera-2-pra\u00e7aDSC_0035-768x512.jpg 768w\" sizes=\"(max-width: 1024px) 100vw, 1024px\" \/><\/figure>\n\n\n\n<p>Os vereadores aprovaram o Voto de aplausos \u00e0 R\u00e1dio Cara\u00fabas FM Web, de autoria da vereadora Cleoneide Fernandes (Neide), pelos relevantes servi\u00e7os prestados na \u00e1rea da comunica\u00e7\u00e3o social ao munic\u00edpio.<\/p>\n\n\n\n<figure class=\"wp-block-image\"><img decoding=\"async\" width=\"1024\" height=\"683\" data-src=\"http:\/\/www.caririemacao.com\/1\/wp-content\/uploads\/2019\/08\/camera-2-pra\u00e7aDSC_0058-1024x683.jpg\" alt=\"\" class=\"wp-image-111485 lazyload\" data-srcset=\"https:\/\/www.caririemacao.com\/1\/wp-content\/uploads\/2019\/08\/camera-2-pra\u00e7aDSC_0058-1024x683.jpg 1024w, https:\/\/www.caririemacao.com\/1\/wp-content\/uploads\/2019\/08\/camera-2-pra\u00e7aDSC_0058-300x200.jpg 300w, https:\/\/www.caririemacao.com\/1\/wp-content\/uploads\/2019\/08\/camera-2-pra\u00e7aDSC_0058-768x512.jpg 768w\" data-sizes=\"(max-width: 1024px) 100vw, 1024px\" src=\"data:image\/svg+xml;base64,PHN2ZyB3aWR0aD0iMSIgaGVpZ2h0PSIxIiB4bWxucz0iaHR0cDovL3d3dy53My5vcmcvMjAwMC9zdmciPjwvc3ZnPg==\" style=\"--smush-placeholder-width: 1024px; --smush-placeholder-aspect-ratio: 1024\/683;\" \/><\/figure>\n\n\n\n<p>\u201cO voto de aplausos a R\u00e1dio Cara\u00fabas FM Web \u00e9 resultado da brilhante atua\u00e7\u00e3o e cobertura dos eventos realizados no munic\u00edpio, principalmente, durante as festividades de inaugura\u00e7\u00e3o da nova adutora do munic\u00edpio, as festividades juninas do S\u00e3o Jo\u00e3o e do S\u00e3o Pedro 2019, garantido atrav\u00e9s das brilhante transmiss\u00f5es, ao vivo, o registro dos momentos hist\u00f3ricos mais importantes vividos pela popula\u00e7\u00e3o deste munic\u00edpio\u201d, justificou a vereadora Neide. <\/p>\n\n\n\n<figure class=\"wp-block-image\"><img decoding=\"async\" width=\"1024\" height=\"683\" data-src=\"http:\/\/www.caririemacao.com\/1\/wp-content\/uploads\/2019\/08\/camera-2-pra\u00e7aDSC_0006-1024x683.jpg\" alt=\"\" class=\"wp-image-111483 lazyload\" data-srcset=\"https:\/\/www.caririemacao.com\/1\/wp-content\/uploads\/2019\/08\/camera-2-pra\u00e7aDSC_0006-1024x683.jpg 1024w, https:\/\/www.caririemacao.com\/1\/wp-content\/uploads\/2019\/08\/camera-2-pra\u00e7aDSC_0006-300x200.jpg 300w, https:\/\/www.caririemacao.com\/1\/wp-content\/uploads\/2019\/08\/camera-2-pra\u00e7aDSC_0006-768x512.jpg 768w\" data-sizes=\"(max-width: 1024px) 100vw, 1024px\" src=\"data:image\/svg+xml;base64,PHN2ZyB3aWR0aD0iMSIgaGVpZ2h0PSIxIiB4bWxucz0iaHR0cDovL3d3dy53My5vcmcvMjAwMC9zdmciPjwvc3ZnPg==\" style=\"--smush-placeholder-width: 1024px; --smush-placeholder-aspect-ratio: 1024\/683;\" \/><\/figure>\n\n\n\n<p>Ainda sess\u00e3o, o presidente Nero e demais vereadores fizeram convite da Festa de Nossa Senhora do Desterro que acontece neste final de semana no distrito de Barreiras.<\/p>\n\n\n\n<p><a href=\"https:\/\/www.facebook.com\/pg\/CaririEmAcao\/photos\/?tab=album&amp;album_id=1628007424001941\">VEJA FOTOS. CLIQUE AQUI.<\/a><\/p>\n","protected":false},"excerpt":{"rendered":"<p>O Poder Legislativo caraubense se reuniu na noite desta ter\u00e7a-feira (20\/08) para a mais uma sess\u00e3o ordin\u00e1ria. A reuni\u00e3o contou com a presen\u00e7a de oito&hellip; <\/p>\n","protected":false},"author":2,"featured_media":111482,"comment_status":"closed","ping_status":"closed","sticky":false,"template":"","format":"standard","meta":{"sfsi_plus_gutenberg_text_before_share":"","sfsi_plus_gutenberg_show_text_before_share":"","sfsi_plus_gutenberg_icon_type":"","sfsi_plus_gutenberg_icon_alignemt":"","sfsi_plus_gutenburg_max_per_row":"","footnotes":""},"categories":[50,2],"tags":[],"class_list":["post-111481","post","type-post","status-publish","format-standard","has-post-thumbnail","hentry","category-destaque","category-geral"],"_links":{"self":[{"href":"https:\/\/www.caririemacao.com\/1\/wp-json\/wp\/v2\/posts\/111481","targetHints":{"allow":["GET"]}}],"collection":[{"href":"https:\/\/www.caririemacao.com\/1\/wp-json\/wp\/v2\/posts"}],"about":[{"href":"https:\/\/www.caririemacao.com\/1\/wp-json\/wp\/v2\/types\/post"}],"author":[{"embeddable":true,"href":"https:\/\/www.caririemacao.com\/1\/wp-json\/wp\/v2\/users\/2"}],"replies":[{"embeddable":true,"href":"https:\/\/www.caririemacao.com\/1\/wp-json\/wp\/v2\/comments?post=111481"}],"version-history":[{"count":1,"href":"https:\/\/www.caririemacao.com\/1\/wp-json\/wp\/v2\/posts\/111481\/revisions"}],"predecessor-version":[{"id":111486,"href":"https:\/\/www.caririemacao.com\/1\/wp-json\/wp\/v2\/posts\/111481\/revisions\/111486"}],"wp:featuredmedia":[{"embeddable":true,"href":"https:\/\/www.caririemacao.com\/1\/wp-json\/wp\/v2\/media\/111482"}],"wp:attachment":[{"href":"https:\/\/www.caririemacao.com\/1\/wp-json\/wp\/v2\/media?parent=111481"}],"wp:term":[{"taxonomy":"category","embeddable":true,"href":"https:\/\/www.caririemacao.com\/1\/wp-json\/wp\/v2\/categories?post=111481"},{"taxonomy":"post_tag","embeddable":true,"href":"https:\/\/www.caririemacao.com\/1\/wp-json\/wp\/v2\/tags?post=111481"}],"curies":[{"name":"wp","href":"https:\/\/api.w.org\/{rel}","templated":true}]}}