{"id":111492,"date":"2019-08-21T13:43:26","date_gmt":"2019-08-21T16:43:26","guid":{"rendered":"http:\/\/www.caririemacao.com\/1\/?p=111492"},"modified":"2019-08-21T13:43:26","modified_gmt":"2019-08-21T16:43:26","slug":"camara-realiza-reuniao-e-aprova-lei-que-altera-redacao-sobre-as-eleicoes-do-conselho-tutelar-dos-direitos-da-crianca-e-do-adolescente-de-sume","status":"publish","type":"post","link":"https:\/\/www.caririemacao.com\/1\/2019\/08\/21\/camara-realiza-reuniao-e-aprova-lei-que-altera-redacao-sobre-as-eleicoes-do-conselho-tutelar-dos-direitos-da-crianca-e-do-adolescente-de-sume\/","title":{"rendered":"C\u00e2mara realiza reuni\u00e3o e aprova lei que altera reda\u00e7\u00e3o sobre as elei\u00e7\u00f5es do Conselho Tutelar dos Direitos da Crian\u00e7a e do Adolescente de Sum\u00e9"},"content":{"rendered":"\n<p>A C\u00e2mara de Sum\u00e9 realizou mais uma reuni\u00e3o na noite desta ter\u00e7a-feira, dia 20, para apreciar projeto de lei e requerimentos apresentados pelos vereadores.<\/p>\n\n\n\n<figure class=\"wp-block-image\"><img fetchpriority=\"high\" decoding=\"async\" width=\"1024\" height=\"678\" src=\"http:\/\/www.caririemacao.com\/1\/wp-content\/uploads\/2019\/08\/camera-2-pra\u00e7aDSC_0018-1024x678.jpg\" alt=\"\" class=\"wp-image-111494\" srcset=\"https:\/\/www.caririemacao.com\/1\/wp-content\/uploads\/2019\/08\/camera-2-pra\u00e7aDSC_0018-1024x678.jpg 1024w, https:\/\/www.caririemacao.com\/1\/wp-content\/uploads\/2019\/08\/camera-2-pra\u00e7aDSC_0018-300x199.jpg 300w, https:\/\/www.caririemacao.com\/1\/wp-content\/uploads\/2019\/08\/camera-2-pra\u00e7aDSC_0018-768x509.jpg 768w\" sizes=\"(max-width: 1024px) 100vw, 1024px\" \/><\/figure>\n\n\n\n<p>Na reuni\u00e3o, foi aprovada a nova reda\u00e7\u00e3o da Lei Municipal n\u00ba 754, de 25 de mar\u00e7o de 1999 que trata sobre o Conselho Tutelar dos Direitos da Crian\u00e7a e do Adolescente do Munic\u00edpio de Sum\u00e9.<\/p>\n\n\n\n<p>Conforme a nova reda\u00e7\u00e3o, a lei que trata sobre o Conselho Tutelar dos Direitos da Crian\u00e7a e do Adolescente do Munic\u00edpio de Sum\u00e9, ficou da seguinte forma: O conselho \u00e9 composto por 5 (cinco) membros, escolhidos pela popula\u00e7\u00e3o local, podendo votar em 3 (tr\u00eas) candidatos &#8211; para \u00a0mandato de 4 (quatro) anos, permitida recondu\u00e7\u00e3o por novos processos de escolha.<\/p>\n\n\n\n<figure class=\"wp-block-image\"><img decoding=\"async\" width=\"1024\" height=\"678\" data-src=\"http:\/\/www.caririemacao.com\/1\/wp-content\/uploads\/2019\/08\/camera-2-pra\u00e7aDSC_0056-1024x678.jpg\" alt=\"\" class=\"wp-image-111498 lazyload\" data-srcset=\"https:\/\/www.caririemacao.com\/1\/wp-content\/uploads\/2019\/08\/camera-2-pra\u00e7aDSC_0056-1024x678.jpg 1024w, https:\/\/www.caririemacao.com\/1\/wp-content\/uploads\/2019\/08\/camera-2-pra\u00e7aDSC_0056-300x199.jpg 300w, https:\/\/www.caririemacao.com\/1\/wp-content\/uploads\/2019\/08\/camera-2-pra\u00e7aDSC_0056-768x509.jpg 768w\" data-sizes=\"(max-width: 1024px) 100vw, 1024px\" src=\"data:image\/svg+xml;base64,PHN2ZyB3aWR0aD0iMSIgaGVpZ2h0PSIxIiB4bWxucz0iaHR0cDovL3d3dy53My5vcmcvMjAwMC9zdmciPjwvc3ZnPg==\" style=\"--smush-placeholder-width: 1024px; --smush-placeholder-aspect-ratio: 1024\/678;\" \/><\/figure>\n\n\n\n<p>Ainda na sess\u00e3o, foram aprovados dois requerimentos do vereador Rivaldo Oliveira Ramos (Branco Xiliu), o primeiro que solicita a cobertura do ponto de mototaxi localizado ao lado do Mercado P\u00fablico. E no segundo, Branco Xiliu requereu um ponto com a cobertura para os taxistas ao lado do shopping. <\/p>\n\n\n\n<figure class=\"wp-block-image\"><img decoding=\"async\" width=\"1024\" height=\"678\" data-src=\"http:\/\/www.caririemacao.com\/1\/wp-content\/uploads\/2019\/08\/camera-2-pra\u00e7aDSC_0036-1024x678.jpg\" alt=\"\" class=\"wp-image-111497 lazyload\" data-srcset=\"https:\/\/www.caririemacao.com\/1\/wp-content\/uploads\/2019\/08\/camera-2-pra\u00e7aDSC_0036-1024x678.jpg 1024w, https:\/\/www.caririemacao.com\/1\/wp-content\/uploads\/2019\/08\/camera-2-pra\u00e7aDSC_0036-300x199.jpg 300w, https:\/\/www.caririemacao.com\/1\/wp-content\/uploads\/2019\/08\/camera-2-pra\u00e7aDSC_0036-768x509.jpg 768w\" data-sizes=\"(max-width: 1024px) 100vw, 1024px\" src=\"data:image\/svg+xml;base64,PHN2ZyB3aWR0aD0iMSIgaGVpZ2h0PSIxIiB4bWxucz0iaHR0cDovL3d3dy53My5vcmcvMjAwMC9zdmciPjwvc3ZnPg==\" style=\"--smush-placeholder-width: 1024px; --smush-placeholder-aspect-ratio: 1024\/678;\" \/><\/figure>\n\n\n\n<p>Tamb\u00e9m foi votado votos de aplauso apresentado pelo vereador Nilson das seis Casas que concede voto de aplauso ao jovem estudante do 4\u00ba ano da Escola Maria Leite, Victor Kayky, campe\u00e3o paraibano de jud\u00f4 nos Jogos Escolares e Paraescolares da Para\u00edba, realizado em Jo\u00e3o Pessoa, sendo classificado para representar a Para\u00edba na etapa nacional, nos Jogos Escolares da Juventude que ser\u00e1 realizado em Santa Catarina. <\/p>\n\n\n\n<figure class=\"wp-block-image\"><img decoding=\"async\" width=\"1024\" height=\"678\" data-src=\"http:\/\/www.caririemacao.com\/1\/wp-content\/uploads\/2019\/08\/camera-2-pra\u00e7aDSC_0026-1024x678.jpg\" alt=\"\" class=\"wp-image-111496 lazyload\" data-srcset=\"https:\/\/www.caririemacao.com\/1\/wp-content\/uploads\/2019\/08\/camera-2-pra\u00e7aDSC_0026-1024x678.jpg 1024w, https:\/\/www.caririemacao.com\/1\/wp-content\/uploads\/2019\/08\/camera-2-pra\u00e7aDSC_0026-300x199.jpg 300w, https:\/\/www.caririemacao.com\/1\/wp-content\/uploads\/2019\/08\/camera-2-pra\u00e7aDSC_0026-768x509.jpg 768w\" data-sizes=\"(max-width: 1024px) 100vw, 1024px\" src=\"data:image\/svg+xml;base64,PHN2ZyB3aWR0aD0iMSIgaGVpZ2h0PSIxIiB4bWxucz0iaHR0cDovL3d3dy53My5vcmcvMjAwMC9zdmciPjwvc3ZnPg==\" style=\"--smush-placeholder-width: 1024px; --smush-placeholder-aspect-ratio: 1024\/678;\" \/><\/figure>\n\n\n\n<p>Por \u00faltimo, o vereador Ant\u00f4nio Carlos apresentou Voto de\nPesar pelo falecimento da senhora Maria do Socorro Pereira de Sousa (Socorro de\nCazuzinha). \u201cExternamos nossos votos de pesar \u00e0 fam\u00edlia, a vida tem v\u00e1rios\nmist\u00e9rios, e o maior deles \u00e9 a morte. Nunca poderemos entender o porqu\u00ea de um\nente amado ter que partir. A dor que sentimos \u00e9 imensur\u00e1vel. Nestas horas n\u00e3o\nh\u00e1 nenhuma palavra que possa ser dita que seja capaz de confortar os nossos\ncora\u00e7\u00f5es. Tudo parece perder o sentido e ficar pequeno diante de tamanho\nsofrimento,\u201d argumentou.<\/p>\n","protected":false},"excerpt":{"rendered":"<p>A C\u00e2mara de Sum\u00e9 realizou mais uma reuni\u00e3o na noite desta ter\u00e7a-feira, dia 20, para apreciar projeto de lei e requerimentos apresentados pelos vereadores. Na&hellip; <\/p>\n","protected":false},"author":2,"featured_media":111493,"comment_status":"closed","ping_status":"closed","sticky":false,"template":"","format":"standard","meta":{"sfsi_plus_gutenberg_text_before_share":"","sfsi_plus_gutenberg_show_text_before_share":"","sfsi_plus_gutenberg_icon_type":"","sfsi_plus_gutenberg_icon_alignemt":"","sfsi_plus_gutenburg_max_per_row":"","footnotes":""},"categories":[50,2],"tags":[],"class_list":["post-111492","post","type-post","status-publish","format-standard","has-post-thumbnail","hentry","category-destaque","category-geral"],"_links":{"self":[{"href":"https:\/\/www.caririemacao.com\/1\/wp-json\/wp\/v2\/posts\/111492","targetHints":{"allow":["GET"]}}],"collection":[{"href":"https:\/\/www.caririemacao.com\/1\/wp-json\/wp\/v2\/posts"}],"about":[{"href":"https:\/\/www.caririemacao.com\/1\/wp-json\/wp\/v2\/types\/post"}],"author":[{"embeddable":true,"href":"https:\/\/www.caririemacao.com\/1\/wp-json\/wp\/v2\/users\/2"}],"replies":[{"embeddable":true,"href":"https:\/\/www.caririemacao.com\/1\/wp-json\/wp\/v2\/comments?post=111492"}],"version-history":[{"count":1,"href":"https:\/\/www.caririemacao.com\/1\/wp-json\/wp\/v2\/posts\/111492\/revisions"}],"predecessor-version":[{"id":111500,"href":"https:\/\/www.caririemacao.com\/1\/wp-json\/wp\/v2\/posts\/111492\/revisions\/111500"}],"wp:featuredmedia":[{"embeddable":true,"href":"https:\/\/www.caririemacao.com\/1\/wp-json\/wp\/v2\/media\/111493"}],"wp:attachment":[{"href":"https:\/\/www.caririemacao.com\/1\/wp-json\/wp\/v2\/media?parent=111492"}],"wp:term":[{"taxonomy":"category","embeddable":true,"href":"https:\/\/www.caririemacao.com\/1\/wp-json\/wp\/v2\/categories?post=111492"},{"taxonomy":"post_tag","embeddable":true,"href":"https:\/\/www.caririemacao.com\/1\/wp-json\/wp\/v2\/tags?post=111492"}],"curies":[{"name":"wp","href":"https:\/\/api.w.org\/{rel}","templated":true}]}}