{"id":111501,"date":"2019-08-21T13:45:18","date_gmt":"2019-08-21T16:45:18","guid":{"rendered":"http:\/\/www.caririemacao.com\/1\/?p=111501"},"modified":"2019-08-21T13:46:36","modified_gmt":"2019-08-21T16:46:36","slug":"prefeitura-antecipa-pagamento-de-servidores-e-salarios-de-agosto-ja-estao-na-conta","status":"publish","type":"post","link":"https:\/\/www.caririemacao.com\/1\/2019\/08\/21\/prefeitura-antecipa-pagamento-de-servidores-e-salarios-de-agosto-ja-estao-na-conta\/","title":{"rendered":"Prefeitura de Ouro Velho antecipa pagamento de servidores e sal\u00e1rios de agosto j\u00e1 est\u00e3o na conta"},"content":{"rendered":"\n<p>A Prefeitura de Ouro Velho antecipou novamente o pagamento\ndos servidores municipais. Os proventos referentes \u00e0 folha de pagamento do m\u00eas\nde agosto foram creditados na conta dos servidores nesta quarta-feira, 21, e j\u00e1\nest\u00e3o dispon\u00edveis para saques.<\/p>\n\n\n\n<p>Segundo a prefeita Nat\u00e1lia, a antecipa\u00e7\u00e3o dos sal\u00e1rios\ndemonstra o compromisso da Prefeitura de Ouro Velho com o servidor p\u00fablico e o\ncom\u00e9rcio local que tem garantida a circula\u00e7\u00e3o antecipada de valores na cidade. <\/p>\n\n\n\n<p>\u201cTodos os meses a administra\u00e7\u00e3o tem conseguido adiantar a\nfolha e, este \u00e9 um reflexo de uma administra\u00e7\u00e3o planejada\u201d, ressaltou.<\/p>\n","protected":false},"excerpt":{"rendered":"<p>A Prefeitura de Ouro Velho antecipou novamente o pagamento dos servidores municipais. Os proventos referentes \u00e0 folha de pagamento do m\u00eas de agosto foram creditados&hellip; <\/p>\n","protected":false},"author":2,"featured_media":111502,"comment_status":"closed","ping_status":"closed","sticky":false,"template":"","format":"standard","meta":{"sfsi_plus_gutenberg_text_before_share":"","sfsi_plus_gutenberg_show_text_before_share":"","sfsi_plus_gutenberg_icon_type":"","sfsi_plus_gutenberg_icon_alignemt":"","sfsi_plus_gutenburg_max_per_row":"","footnotes":""},"categories":[6,50],"tags":[],"class_list":["post-111501","post","type-post","status-publish","format-standard","has-post-thumbnail","hentry","category-cidades","category-destaque"],"_links":{"self":[{"href":"https:\/\/www.caririemacao.com\/1\/wp-json\/wp\/v2\/posts\/111501","targetHints":{"allow":["GET"]}}],"collection":[{"href":"https:\/\/www.caririemacao.com\/1\/wp-json\/wp\/v2\/posts"}],"about":[{"href":"https:\/\/www.caririemacao.com\/1\/wp-json\/wp\/v2\/types\/post"}],"author":[{"embeddable":true,"href":"https:\/\/www.caririemacao.com\/1\/wp-json\/wp\/v2\/users\/2"}],"replies":[{"embeddable":true,"href":"https:\/\/www.caririemacao.com\/1\/wp-json\/wp\/v2\/comments?post=111501"}],"version-history":[{"count":2,"href":"https:\/\/www.caririemacao.com\/1\/wp-json\/wp\/v2\/posts\/111501\/revisions"}],"predecessor-version":[{"id":111504,"href":"https:\/\/www.caririemacao.com\/1\/wp-json\/wp\/v2\/posts\/111501\/revisions\/111504"}],"wp:featuredmedia":[{"embeddable":true,"href":"https:\/\/www.caririemacao.com\/1\/wp-json\/wp\/v2\/media\/111502"}],"wp:attachment":[{"href":"https:\/\/www.caririemacao.com\/1\/wp-json\/wp\/v2\/media?parent=111501"}],"wp:term":[{"taxonomy":"category","embeddable":true,"href":"https:\/\/www.caririemacao.com\/1\/wp-json\/wp\/v2\/categories?post=111501"},{"taxonomy":"post_tag","embeddable":true,"href":"https:\/\/www.caririemacao.com\/1\/wp-json\/wp\/v2\/tags?post=111501"}],"curies":[{"name":"wp","href":"https:\/\/api.w.org\/{rel}","templated":true}]}}