{"id":111508,"date":"2019-08-21T20:26:06","date_gmt":"2019-08-21T23:26:06","guid":{"rendered":"http:\/\/www.caririemacao.com\/1\/?p=111508"},"modified":"2019-08-21T20:26:06","modified_gmt":"2019-08-21T23:26:06","slug":"moacir-rodrigues-alfineta-ricardo-sobre-evento-grito-do-nordeste-sos-transposicao","status":"publish","type":"post","link":"https:\/\/www.caririemacao.com\/1\/2019\/08\/21\/moacir-rodrigues-alfineta-ricardo-sobre-evento-grito-do-nordeste-sos-transposicao\/","title":{"rendered":"Moacir Rodrigues alfineta Ricardo sobre evento \u2018Grito do Nordeste \u2013 SOS Transposi\u00e7\u00e3o\u2019"},"content":{"rendered":"\n<p>O deputado estadual Moacir Rodrigues (PSL), que tem como sua principal bandeira de luta a distribui\u00e7\u00e3o de recursos h\u00eddricos no Estado, destacou, nesta ter\u00e7a-feira (20), que n\u00e3o vai participar do evento organizado pelo ex-governador Ricardo Coutinho \u2018Grito do Nordeste \u2013 SOS Transposi\u00e7\u00e3o\u2019, que ser\u00e1 realizado na cidade de Monteiro, em 1\u00ba de setembro.<\/p>\n\n\n\n<p>Moacir afirmou que deseja que o evento seja um sucesso, mas lamentou que eventos como este n\u00e3o tenham sido feitos antes, nos outros momentos em que a obra foi paralisada.<\/p>\n\n\n\n<p>\u201cEu n\u00e3o vou. Espero que seja um sucesso. S\u00f3 lamento que esse grito n\u00e3o tenha sido feito bem antes, quando as obras foram paralisadas, em v\u00e1rias paralisa\u00e7\u00f5es. Mas cada um faz pol\u00edtica da forma que achar melhor\u201d, disse Moacir.<\/p>\n\n\n\n<p>Na luta para que n\u00e3o falte \u00e1gua, Moacir tem cumprido agendas ligadas \u00e0 esta \u00e1rea. Ele esteve em Tapero\u00e1, Monteiro e nesta quarta-feira foi participar da reuni\u00e3o \u2018Bacia do Para\u00edba\u2019, em Boqueir\u00e3o, com a AESA e ANA. O foco deste trabalho, segundo ele, \u00e9 cobrar do Governo Federal um conjunto de a\u00e7\u00f5es que viabilizem a chegada da \u00e1gua aos munic\u00edpios sem que os paraibanos tenham que pagar caro por isto.<\/p>\n","protected":false},"excerpt":{"rendered":"<p>O deputado estadual Moacir Rodrigues (PSL), que tem como sua principal bandeira de luta a distribui\u00e7\u00e3o de recursos h\u00eddricos no Estado, destacou, nesta ter\u00e7a-feira (20),&hellip; <\/p>\n","protected":false},"author":2,"featured_media":111509,"comment_status":"closed","ping_status":"closed","sticky":false,"template":"","format":"standard","meta":{"sfsi_plus_gutenberg_text_before_share":"","sfsi_plus_gutenberg_show_text_before_share":"","sfsi_plus_gutenberg_icon_type":"","sfsi_plus_gutenberg_icon_alignemt":"","sfsi_plus_gutenburg_max_per_row":"","footnotes":""},"categories":[50,11],"tags":[],"class_list":["post-111508","post","type-post","status-publish","format-standard","has-post-thumbnail","hentry","category-destaque","category-politica"],"_links":{"self":[{"href":"https:\/\/www.caririemacao.com\/1\/wp-json\/wp\/v2\/posts\/111508","targetHints":{"allow":["GET"]}}],"collection":[{"href":"https:\/\/www.caririemacao.com\/1\/wp-json\/wp\/v2\/posts"}],"about":[{"href":"https:\/\/www.caririemacao.com\/1\/wp-json\/wp\/v2\/types\/post"}],"author":[{"embeddable":true,"href":"https:\/\/www.caririemacao.com\/1\/wp-json\/wp\/v2\/users\/2"}],"replies":[{"embeddable":true,"href":"https:\/\/www.caririemacao.com\/1\/wp-json\/wp\/v2\/comments?post=111508"}],"version-history":[{"count":1,"href":"https:\/\/www.caririemacao.com\/1\/wp-json\/wp\/v2\/posts\/111508\/revisions"}],"predecessor-version":[{"id":111510,"href":"https:\/\/www.caririemacao.com\/1\/wp-json\/wp\/v2\/posts\/111508\/revisions\/111510"}],"wp:featuredmedia":[{"embeddable":true,"href":"https:\/\/www.caririemacao.com\/1\/wp-json\/wp\/v2\/media\/111509"}],"wp:attachment":[{"href":"https:\/\/www.caririemacao.com\/1\/wp-json\/wp\/v2\/media?parent=111508"}],"wp:term":[{"taxonomy":"category","embeddable":true,"href":"https:\/\/www.caririemacao.com\/1\/wp-json\/wp\/v2\/categories?post=111508"},{"taxonomy":"post_tag","embeddable":true,"href":"https:\/\/www.caririemacao.com\/1\/wp-json\/wp\/v2\/tags?post=111508"}],"curies":[{"name":"wp","href":"https:\/\/api.w.org\/{rel}","templated":true}]}}