{"id":111511,"date":"2019-08-21T20:35:48","date_gmt":"2019-08-21T23:35:48","guid":{"rendered":"http:\/\/www.caririemacao.com\/1\/?p=111511"},"modified":"2019-08-21T20:56:23","modified_gmt":"2019-08-21T23:56:23","slug":"vereador-de-gurjao-confirma-presenca-no-sos-transposicao","status":"publish","type":"post","link":"https:\/\/www.caririemacao.com\/1\/2019\/08\/21\/vereador-de-gurjao-confirma-presenca-no-sos-transposicao\/","title":{"rendered":"Pr\u00e9-candidato a prefeito de Gurj\u00e3o confirma presen\u00e7a no SOS Transposi\u00e7\u00e3o"},"content":{"rendered":"\n<p>O pr\u00e9-candidato a prefeito de Gurj\u00e3o, atual presidente do PSB de Gurj\u00e3o, o vereador Adailsinho Queiroz, confirmou sua participa\u00e7\u00e3o\u00a0no ato SOS Transposi\u00e7\u00e3o no dia 1\u00ba de setembro, na cidade de Monteiro, na Para\u00edba.<\/p>\n\n\n\n<p>Adailsinho aproveita e convida todos os nordestinos, em especial\nos paraibanos para se unir contra a pol\u00edtica do governo Bolsonaro e pela\nefetiva\u00e7\u00e3o das obras da transposi\u00e7\u00e3o do Rio S\u00e3o Francisco.<\/p>\n\n\n\n<p>O vereador lembrou que o movimento SOS Transposi\u00e7\u00e3o est\u00e1 sendo\npromovido pelos movimentos sociais e diversas lideran\u00e7as de todo o Brasil, sob\na coordena\u00e7\u00e3o do ex-governador da Para\u00edba, Ricardo Coutinho.<\/p>\n","protected":false},"excerpt":{"rendered":"<p>O pr\u00e9-candidato a prefeito de Gurj\u00e3o, atual presidente do PSB de Gurj\u00e3o, o vereador Adailsinho Queiroz, confirmou sua participa\u00e7\u00e3o\u00a0no ato SOS Transposi\u00e7\u00e3o no dia 1\u00ba&hellip; <\/p>\n","protected":false},"author":2,"featured_media":32965,"comment_status":"closed","ping_status":"closed","sticky":false,"template":"","format":"standard","meta":{"sfsi_plus_gutenberg_text_before_share":"","sfsi_plus_gutenberg_show_text_before_share":"","sfsi_plus_gutenberg_icon_type":"","sfsi_plus_gutenberg_icon_alignemt":"","sfsi_plus_gutenburg_max_per_row":"","footnotes":""},"categories":[50,2],"tags":[],"class_list":["post-111511","post","type-post","status-publish","format-standard","has-post-thumbnail","hentry","category-destaque","category-geral"],"_links":{"self":[{"href":"https:\/\/www.caririemacao.com\/1\/wp-json\/wp\/v2\/posts\/111511","targetHints":{"allow":["GET"]}}],"collection":[{"href":"https:\/\/www.caririemacao.com\/1\/wp-json\/wp\/v2\/posts"}],"about":[{"href":"https:\/\/www.caririemacao.com\/1\/wp-json\/wp\/v2\/types\/post"}],"author":[{"embeddable":true,"href":"https:\/\/www.caririemacao.com\/1\/wp-json\/wp\/v2\/users\/2"}],"replies":[{"embeddable":true,"href":"https:\/\/www.caririemacao.com\/1\/wp-json\/wp\/v2\/comments?post=111511"}],"version-history":[{"count":2,"href":"https:\/\/www.caririemacao.com\/1\/wp-json\/wp\/v2\/posts\/111511\/revisions"}],"predecessor-version":[{"id":111516,"href":"https:\/\/www.caririemacao.com\/1\/wp-json\/wp\/v2\/posts\/111511\/revisions\/111516"}],"wp:featuredmedia":[{"embeddable":true,"href":"https:\/\/www.caririemacao.com\/1\/wp-json\/wp\/v2\/media\/32965"}],"wp:attachment":[{"href":"https:\/\/www.caririemacao.com\/1\/wp-json\/wp\/v2\/media?parent=111511"}],"wp:term":[{"taxonomy":"category","embeddable":true,"href":"https:\/\/www.caririemacao.com\/1\/wp-json\/wp\/v2\/categories?post=111511"},{"taxonomy":"post_tag","embeddable":true,"href":"https:\/\/www.caririemacao.com\/1\/wp-json\/wp\/v2\/tags?post=111511"}],"curies":[{"name":"wp","href":"https:\/\/api.w.org\/{rel}","templated":true}]}}