{"id":111514,"date":"2019-08-21T20:54:02","date_gmt":"2019-08-21T23:54:02","guid":{"rendered":"http:\/\/www.caririemacao.com\/1\/?p=111514"},"modified":"2019-08-21T20:54:02","modified_gmt":"2019-08-21T23:54:02","slug":"presidente-da-camara-de-congo-confirma-presenca-no-sos-transposicao-em-monteiro-2","status":"publish","type":"post","link":"https:\/\/www.caririemacao.com\/1\/2019\/08\/21\/presidente-da-camara-de-congo-confirma-presenca-no-sos-transposicao-em-monteiro-2\/","title":{"rendered":"Presidente da C\u00e2mara de Congo confirma presen\u00e7a no SOS Transposi\u00e7\u00e3o em Monteiro"},"content":{"rendered":"\n<p>Mais um presidente de C\u00e2mara de Vereadores confirma presen\u00e7a&nbsp;no\nato SOS Transposi\u00e7\u00e3o no dia 1\u00ba de setembro, na cidade de Monteiro, na Para\u00edba.<\/p>\n\n\n\n<p>Trata-se do vereador e atual presidente da C\u00e2mara de Vereadores de Congo, Lenilson Bezerra (PSB) que vem pautando seu mandato em defesa dos mais carentes.<\/p>\n\n\n\n<p>\u201cN\u00e3o posso deixar de ir a este ato que defende nossa\ntransposi\u00e7\u00e3o iniciada pelo ex-presidente Lula e agora paralisada pelo atual\npresidente. Isso \u00e9 uma vergonha que uma decis\u00e3o de governo venha afetar milh\u00f5es\nde nordestinos\u201d, lamentou.<\/p>\n\n\n\n<p>O ato \u00e9 promovido pelos movimentos sociais e diversas lideran\u00e7as\nde todo o Brasil, sob a coordena\u00e7\u00e3o do ex-governador da Para\u00edba, Ricardo Coutinho.<\/p>\n","protected":false},"excerpt":{"rendered":"<p>Mais um presidente de C\u00e2mara de Vereadores confirma presen\u00e7a&nbsp;no ato SOS Transposi\u00e7\u00e3o no dia 1\u00ba de setembro, na cidade de Monteiro, na Para\u00edba. Trata-se do&hellip; <\/p>\n","protected":false},"author":2,"featured_media":110698,"comment_status":"closed","ping_status":"closed","sticky":false,"template":"","format":"standard","meta":{"sfsi_plus_gutenberg_text_before_share":"","sfsi_plus_gutenberg_show_text_before_share":"","sfsi_plus_gutenberg_icon_type":"","sfsi_plus_gutenberg_icon_alignemt":"","sfsi_plus_gutenburg_max_per_row":"","footnotes":""},"categories":[50,11],"tags":[],"class_list":["post-111514","post","type-post","status-publish","format-standard","has-post-thumbnail","hentry","category-destaque","category-politica"],"_links":{"self":[{"href":"https:\/\/www.caririemacao.com\/1\/wp-json\/wp\/v2\/posts\/111514","targetHints":{"allow":["GET"]}}],"collection":[{"href":"https:\/\/www.caririemacao.com\/1\/wp-json\/wp\/v2\/posts"}],"about":[{"href":"https:\/\/www.caririemacao.com\/1\/wp-json\/wp\/v2\/types\/post"}],"author":[{"embeddable":true,"href":"https:\/\/www.caririemacao.com\/1\/wp-json\/wp\/v2\/users\/2"}],"replies":[{"embeddable":true,"href":"https:\/\/www.caririemacao.com\/1\/wp-json\/wp\/v2\/comments?post=111514"}],"version-history":[{"count":1,"href":"https:\/\/www.caririemacao.com\/1\/wp-json\/wp\/v2\/posts\/111514\/revisions"}],"predecessor-version":[{"id":111515,"href":"https:\/\/www.caririemacao.com\/1\/wp-json\/wp\/v2\/posts\/111514\/revisions\/111515"}],"wp:featuredmedia":[{"embeddable":true,"href":"https:\/\/www.caririemacao.com\/1\/wp-json\/wp\/v2\/media\/110698"}],"wp:attachment":[{"href":"https:\/\/www.caririemacao.com\/1\/wp-json\/wp\/v2\/media?parent=111514"}],"wp:term":[{"taxonomy":"category","embeddable":true,"href":"https:\/\/www.caririemacao.com\/1\/wp-json\/wp\/v2\/categories?post=111514"},{"taxonomy":"post_tag","embeddable":true,"href":"https:\/\/www.caririemacao.com\/1\/wp-json\/wp\/v2\/tags?post=111514"}],"curies":[{"name":"wp","href":"https:\/\/api.w.org\/{rel}","templated":true}]}}