{"id":111520,"date":"2019-08-22T00:03:17","date_gmt":"2019-08-22T03:03:17","guid":{"rendered":"http:\/\/www.caririemacao.com\/1\/?p=111520"},"modified":"2019-08-22T00:03:17","modified_gmt":"2019-08-22T03:03:17","slug":"amazonia-agonizando","status":"publish","type":"post","link":"https:\/\/www.caririemacao.com\/1\/2019\/08\/22\/amazonia-agonizando\/","title":{"rendered":"Amaz\u00f4nia Agonizando"},"content":{"rendered":"\n<p>AMAZ\u00d4NIA AGONIZANDO e cad\u00ea a grande m\u00eddia? Uma sucess\u00e3o de inc\u00eandios em florestas e reservas por todo o estado de Rond\u00f4nia tem causado mortes, perdas e mudan\u00e7as na rotina da popula\u00e7\u00e3o. Com queimadas se estendendo por v\u00e1rios dias, a fuma\u00e7a mergulhou at\u00e9 a capital, Porto Velho, em uma nuvem intermin\u00e1vel, enquanto um rastro de cinzas e animais mortos \u00e9 deixado pelo fogo que continua a se alastrar e a gest\u00e3o do estado permanece inerte.<\/p>\n\n\n\n<p>Em momento algum este artigo quer achar culpados, mas chamar a aten\u00e7\u00e3o para um importante debate: qual o Brasil que queremos para a atual e a futura gera\u00e7\u00e3o? Ser\u00e1 que a gan\u00e2ncia de alguns que querem lucrar a qualquer custo, desmatando e promovendo queimadas para ampliar suas \u00e1reas para o agroneg\u00f3cio, pode ser maior do que a necessidade de respirar um bom ar, ter uma boa \u00e1gua para beber e consumir alimentos saud\u00e1veis? S\u00e3o perguntas que n\u00e3o podem nos calar.<\/p>\n\n\n\n<p>Sabemos que a in\u00e9rcia no processo de gest\u00e3o nos estados da federa\u00e7\u00e3o ainda \u00e9 alarmante. Muitos cargos pol\u00edticos em comiss\u00e3o, sem a avalia\u00e7\u00e3o do crit\u00e9rio t\u00e9cnico para a escolha, o que dificulta os processos de gest\u00e3o. \u00c9 lament\u00e1vel que n\u00e3o tenhamos um bom plano de conting\u00eancia para per\u00edodos de seca em determinadas regi\u00f5es onde as queimadas s\u00e3o ocasionadas por inc\u00eandio criminoso com objetivo de abrir lavouras para pastagem e cultivo posterior de soja. &nbsp;&nbsp;<\/p>\n\n\n\n<p>Lamenta-se que o Estado brasileiro esteja na in\u00e9rcia, e n\u00e3o deixemos nos olvidar se este cen\u00e1rio ainda continuar\u00e1 nos pr\u00f3ximos anos. Deveria haver uma a\u00e7\u00e3o cooperada entre os estados e a Uni\u00e3o no combate a essa grave crise ambiental, deixando de lado as siglas partid\u00e1rias e os interesses para caminharmos em dire\u00e7\u00e3o a uma solu\u00e7\u00e3o. \u00c9 disso que queremos falar. O Brasil que queremos dever\u00e1 cuidar do meio ambiente, proibir o uso dos recursos naturais que est\u00e3o se escasseando, combater a fome e a mis\u00e9ria, promover a educa\u00e7\u00e3o de qualidade (das s\u00e9ries iniciais at\u00e9 o ensino superior), incluir debates na educa\u00e7\u00e3o sobre sustentabilidade e finitude de recursos naturais, al\u00e9m de ensinar a pr\u00e1tica de uma boa gest\u00e3o, que busca a coopera\u00e7\u00e3o local, regional e internacional.&nbsp;<\/p>\n\n\n\n<p>O que temos que fazer agora? Travar uma batalha de combate ao desperd\u00edcio, resolver os problemas gerados pelas queimadas e melhorar o di\u00e1logo entre as pessoas e o meio ambiente, ou seja, promover uma ruptura e instaurar uma \u00e9tica multidimensional.<\/p>\n\n\n\n<p>Autores:<\/p>\n\n\n\n<p><strong>Augusto&nbsp;Lima da Silveira<\/strong>&nbsp;\u2013 Coordenador do Curso Superior de Tecnologia em Saneamento Ambiental na modalidade EAD do Centro Universit\u00e1rio Internacional Uninter.<\/p>\n\n\n\n<p><strong>Rodrigo&nbsp;Bert\u00e9<\/strong>&nbsp;\u2013 Diretor da Escola Superior de Sa\u00fade, Bioci\u00eancias, Meio Ambiente e Humanidades do Centro Universit\u00e1rio Internacional Uninter. \u00c9 p\u00f3s-doutor em Educa\u00e7\u00e3o&nbsp;e Ci\u00eancias&nbsp;Ambientais.<\/p>\n","protected":false},"excerpt":{"rendered":"<p>AMAZ\u00d4NIA AGONIZANDO e cad\u00ea a grande m\u00eddia? Uma sucess\u00e3o de inc\u00eandios em florestas e reservas por todo o estado de Rond\u00f4nia tem causado mortes, perdas&hellip; <\/p>\n","protected":false},"author":2,"featured_media":111521,"comment_status":"closed","ping_status":"closed","sticky":false,"template":"","format":"standard","meta":{"sfsi_plus_gutenberg_text_before_share":"","sfsi_plus_gutenberg_show_text_before_share":"","sfsi_plus_gutenberg_icon_type":"","sfsi_plus_gutenberg_icon_alignemt":"","sfsi_plus_gutenburg_max_per_row":"","footnotes":""},"categories":[50,2],"tags":[],"class_list":["post-111520","post","type-post","status-publish","format-standard","has-post-thumbnail","hentry","category-destaque","category-geral"],"_links":{"self":[{"href":"https:\/\/www.caririemacao.com\/1\/wp-json\/wp\/v2\/posts\/111520","targetHints":{"allow":["GET"]}}],"collection":[{"href":"https:\/\/www.caririemacao.com\/1\/wp-json\/wp\/v2\/posts"}],"about":[{"href":"https:\/\/www.caririemacao.com\/1\/wp-json\/wp\/v2\/types\/post"}],"author":[{"embeddable":true,"href":"https:\/\/www.caririemacao.com\/1\/wp-json\/wp\/v2\/users\/2"}],"replies":[{"embeddable":true,"href":"https:\/\/www.caririemacao.com\/1\/wp-json\/wp\/v2\/comments?post=111520"}],"version-history":[{"count":1,"href":"https:\/\/www.caririemacao.com\/1\/wp-json\/wp\/v2\/posts\/111520\/revisions"}],"predecessor-version":[{"id":111522,"href":"https:\/\/www.caririemacao.com\/1\/wp-json\/wp\/v2\/posts\/111520\/revisions\/111522"}],"wp:featuredmedia":[{"embeddable":true,"href":"https:\/\/www.caririemacao.com\/1\/wp-json\/wp\/v2\/media\/111521"}],"wp:attachment":[{"href":"https:\/\/www.caririemacao.com\/1\/wp-json\/wp\/v2\/media?parent=111520"}],"wp:term":[{"taxonomy":"category","embeddable":true,"href":"https:\/\/www.caririemacao.com\/1\/wp-json\/wp\/v2\/categories?post=111520"},{"taxonomy":"post_tag","embeddable":true,"href":"https:\/\/www.caririemacao.com\/1\/wp-json\/wp\/v2\/tags?post=111520"}],"curies":[{"name":"wp","href":"https:\/\/api.w.org\/{rel}","templated":true}]}}