{"id":111523,"date":"2019-08-22T01:47:48","date_gmt":"2019-08-22T04:47:48","guid":{"rendered":"http:\/\/www.caririemacao.com\/1\/?p=111523"},"modified":"2019-08-22T01:47:48","modified_gmt":"2019-08-22T04:47:48","slug":"estarei-no-sos-transposicao-porque-sou-nordestino-disse-vereador-de-sao-jose-dos-cordeiros-pb","status":"publish","type":"post","link":"https:\/\/www.caririemacao.com\/1\/2019\/08\/22\/estarei-no-sos-transposicao-porque-sou-nordestino-disse-vereador-de-sao-jose-dos-cordeiros-pb\/","title":{"rendered":"\u201cEstarei no SOS Transposi\u00e7\u00e3o porque sou nordestino\u201d, disse vereador de S\u00e3o Jos\u00e9 dos Cordeiros\/PB"},"content":{"rendered":"\n<p>Ao lado do prefeito de S\u00e3o Jos\u00e9 dos Cordeiros, Jefferson\nRoberto, o vereador Niedson Brito estar\u00e1 participando do Ato SOS Transposi\u00e7\u00e3o que\nser\u00e1 realizado dia 1\u00ba na cidade de Monteiro no Cariri Paraibano.<\/p>\n\n\n\n<p>A confirma\u00e7\u00e3o partiu do pr\u00f3prio parlamentar que tamb\u00e9m \u00e9 l\u00edder\ndo prefeito Jefferson Roberto na C\u00e2mara Municipal.<\/p>\n\n\n\n<p>O vereador Niedson disse que estar\u00e1 presente porque \u00e9\nnordestino e defende a continuidade da transposi\u00e7\u00e3o do Rio S\u00e3o Francisco para\nsuprir a demanda h\u00eddrica da regi\u00e3o. \u201cS\u00f3 lamento que este governo Bolsonaro\ntenha paralisado o bombeamento das \u00e1guas para nossa regi\u00e3o. Todos n\u00f3s estamos\nprejudicados. Vamos cobrar a perman\u00eancia do bombeamento da nossa \u00e1gua\u201d,\nrelatou. <\/p>\n","protected":false},"excerpt":{"rendered":"<p>Ao lado do prefeito de S\u00e3o Jos\u00e9 dos Cordeiros, Jefferson Roberto, o vereador Niedson Brito estar\u00e1 participando do Ato SOS Transposi\u00e7\u00e3o que ser\u00e1 realizado dia&hellip; <\/p>\n","protected":false},"author":2,"featured_media":64302,"comment_status":"closed","ping_status":"closed","sticky":false,"template":"","format":"standard","meta":{"sfsi_plus_gutenberg_text_before_share":"","sfsi_plus_gutenberg_show_text_before_share":"","sfsi_plus_gutenberg_icon_type":"","sfsi_plus_gutenberg_icon_alignemt":"","sfsi_plus_gutenburg_max_per_row":"","footnotes":""},"categories":[50,2],"tags":[],"class_list":["post-111523","post","type-post","status-publish","format-standard","has-post-thumbnail","hentry","category-destaque","category-geral"],"_links":{"self":[{"href":"https:\/\/www.caririemacao.com\/1\/wp-json\/wp\/v2\/posts\/111523","targetHints":{"allow":["GET"]}}],"collection":[{"href":"https:\/\/www.caririemacao.com\/1\/wp-json\/wp\/v2\/posts"}],"about":[{"href":"https:\/\/www.caririemacao.com\/1\/wp-json\/wp\/v2\/types\/post"}],"author":[{"embeddable":true,"href":"https:\/\/www.caririemacao.com\/1\/wp-json\/wp\/v2\/users\/2"}],"replies":[{"embeddable":true,"href":"https:\/\/www.caririemacao.com\/1\/wp-json\/wp\/v2\/comments?post=111523"}],"version-history":[{"count":1,"href":"https:\/\/www.caririemacao.com\/1\/wp-json\/wp\/v2\/posts\/111523\/revisions"}],"predecessor-version":[{"id":111524,"href":"https:\/\/www.caririemacao.com\/1\/wp-json\/wp\/v2\/posts\/111523\/revisions\/111524"}],"wp:featuredmedia":[{"embeddable":true,"href":"https:\/\/www.caririemacao.com\/1\/wp-json\/wp\/v2\/media\/64302"}],"wp:attachment":[{"href":"https:\/\/www.caririemacao.com\/1\/wp-json\/wp\/v2\/media?parent=111523"}],"wp:term":[{"taxonomy":"category","embeddable":true,"href":"https:\/\/www.caririemacao.com\/1\/wp-json\/wp\/v2\/categories?post=111523"},{"taxonomy":"post_tag","embeddable":true,"href":"https:\/\/www.caririemacao.com\/1\/wp-json\/wp\/v2\/tags?post=111523"}],"curies":[{"name":"wp","href":"https:\/\/api.w.org\/{rel}","templated":true}]}}