{"id":111526,"date":"2019-08-22T14:47:48","date_gmt":"2019-08-22T17:47:48","guid":{"rendered":"http:\/\/www.caririemacao.com\/1\/?p=111526"},"modified":"2019-08-22T14:47:48","modified_gmt":"2019-08-22T17:47:48","slug":"prefeito-em-exercicio-destaca-autonomia-que-lhe-foi-dada-por-lorena-para-conduzir-administracao-e-contribuir-com-o-governo","status":"publish","type":"post","link":"https:\/\/www.caririemacao.com\/1\/2019\/08\/22\/prefeito-em-exercicio-destaca-autonomia-que-lhe-foi-dada-por-lorena-para-conduzir-administracao-e-contribuir-com-o-governo\/","title":{"rendered":"Prefeito em exerc\u00edcio destaca autonomia que lhe foi dada por Lorena para conduzir administra\u00e7\u00e3o e contribuir com o governo"},"content":{"rendered":"\n<p>O prefeito em exerc\u00edcio de Monteiro Celecileno Alves mais uma vez fez quest\u00e3o de agradecer em p\u00fablico, a confian\u00e7a que lhe foi depositada pela prefeita Anna Lorena durante o per\u00edodo em que a mesma est\u00e1 gozando de um per\u00edodo de licen\u00e7a maternidade.<br><\/p>\n\n\n\n<figure class=\"wp-block-image\"><a href=\"https:\/\/1.bp.blogspot.com\/-K-FRZaatLqo\/XV68kLy9ICI\/AAAAAAAAGZM\/S5AqJR0BfYQNXVAMtgPY6HLoaVWqOhM3ACLcBGAs\/s1600\/22.jpg\"><img decoding=\"async\" data-src=\"https:\/\/1.bp.blogspot.com\/-K-FRZaatLqo\/XV68kLy9ICI\/AAAAAAAAGZM\/S5AqJR0BfYQNXVAMtgPY6HLoaVWqOhM3ACLcBGAs\/s280\/22.jpg\" alt=\"\" src=\"data:image\/svg+xml;base64,PHN2ZyB3aWR0aD0iMSIgaGVpZ2h0PSIxIiB4bWxucz0iaHR0cDovL3d3dy53My5vcmcvMjAwMC9zdmciPjwvc3ZnPg==\" class=\"lazyload\" \/><\/a><\/figure>\n\n\n\n<p>Celecileno participou na noite desta quarta feira de mais uma edi\u00e7\u00e3o do projeto Dialogando com o Povo, que leva toda a estrutura da administra\u00e7\u00e3o municipal \u00e0s comunidades rurais, para ouvir em plen\u00e1ria, reivindica\u00e7\u00f5es da popula\u00e7\u00e3o em rela\u00e7\u00e3o a solu\u00e7\u00e3o de problemas, e que muitas vezes viabiliza a solu\u00e7\u00e3o imediata das demandas.<br>Durante o evento realizado na comunidade da Gamileira, Celecileno afirmou que a autonomia e a harmonia s\u00e3o elementos fundamentais que fazem com que esta gest\u00e3o tenha destaque em rela\u00e7\u00e3o a outras anteriores, pois n\u00e3o centraliza as decis\u00f5es, facilitando a execu\u00e7\u00e3o das a\u00e7\u00f5es necess\u00e1rias.<br>\u201cAgrade\u00e7o a prefeita Lorena pela confian\u00e7a, e a retribuo em forma de trabalho e dedica\u00e7\u00e3o em prol de nossa popula\u00e7\u00e3o. Nestes 30 dias estamos buscando dar o nosso melhor, e estamos nos dedicando ao m\u00e1ximo para corresponder a esta confian\u00e7a e esta miss\u00e3o que nos foi dada, sem medir esfor\u00e7os para dar continuidade a esta gest\u00e3o reconhecidamente exitosa\u201d, disse Celecileno.<br>O vice prefeito continua no cargo, at\u00e9 o dia 06 de Setembro, data em que se encerra o per\u00edodo de licen\u00e7a da gestora Anna Lorena, mas a parceria de trabalho e a harmonia na realiza\u00e7\u00e3o das a\u00e7\u00f5es de ambos vai continuar ainda durante muito tempo.<br><strong>F\u00c1BIO BRITO<\/strong><\/p>\n","protected":false},"excerpt":{"rendered":"<p>O prefeito em exerc\u00edcio de Monteiro Celecileno Alves mais uma vez fez quest\u00e3o de agradecer em p\u00fablico, a confian\u00e7a que lhe foi depositada pela prefeita&hellip; <\/p>\n","protected":false},"author":1,"featured_media":87521,"comment_status":"closed","ping_status":"closed","sticky":false,"template":"","format":"standard","meta":{"sfsi_plus_gutenberg_text_before_share":"","sfsi_plus_gutenberg_show_text_before_share":"","sfsi_plus_gutenberg_icon_type":"","sfsi_plus_gutenberg_icon_alignemt":"","sfsi_plus_gutenburg_max_per_row":"","footnotes":""},"categories":[2],"tags":[],"class_list":["post-111526","post","type-post","status-publish","format-standard","has-post-thumbnail","hentry","category-geral"],"_links":{"self":[{"href":"https:\/\/www.caririemacao.com\/1\/wp-json\/wp\/v2\/posts\/111526","targetHints":{"allow":["GET"]}}],"collection":[{"href":"https:\/\/www.caririemacao.com\/1\/wp-json\/wp\/v2\/posts"}],"about":[{"href":"https:\/\/www.caririemacao.com\/1\/wp-json\/wp\/v2\/types\/post"}],"author":[{"embeddable":true,"href":"https:\/\/www.caririemacao.com\/1\/wp-json\/wp\/v2\/users\/1"}],"replies":[{"embeddable":true,"href":"https:\/\/www.caririemacao.com\/1\/wp-json\/wp\/v2\/comments?post=111526"}],"version-history":[{"count":1,"href":"https:\/\/www.caririemacao.com\/1\/wp-json\/wp\/v2\/posts\/111526\/revisions"}],"predecessor-version":[{"id":111527,"href":"https:\/\/www.caririemacao.com\/1\/wp-json\/wp\/v2\/posts\/111526\/revisions\/111527"}],"wp:featuredmedia":[{"embeddable":true,"href":"https:\/\/www.caririemacao.com\/1\/wp-json\/wp\/v2\/media\/87521"}],"wp:attachment":[{"href":"https:\/\/www.caririemacao.com\/1\/wp-json\/wp\/v2\/media?parent=111526"}],"wp:term":[{"taxonomy":"category","embeddable":true,"href":"https:\/\/www.caririemacao.com\/1\/wp-json\/wp\/v2\/categories?post=111526"},{"taxonomy":"post_tag","embeddable":true,"href":"https:\/\/www.caririemacao.com\/1\/wp-json\/wp\/v2\/tags?post=111526"}],"curies":[{"name":"wp","href":"https:\/\/api.w.org\/{rel}","templated":true}]}}