{"id":111528,"date":"2019-08-22T14:49:53","date_gmt":"2019-08-22T17:49:53","guid":{"rendered":"http:\/\/www.caririemacao.com\/1\/?p=111528"},"modified":"2019-08-22T14:49:53","modified_gmt":"2019-08-22T17:49:53","slug":"prefeito-de-sume-apresenta-experiencias-do-consorcio-de-saude-do-cariri-para-prefeitos-do-vale-do-paraiba","status":"publish","type":"post","link":"https:\/\/www.caririemacao.com\/1\/2019\/08\/22\/prefeito-de-sume-apresenta-experiencias-do-consorcio-de-saude-do-cariri-para-prefeitos-do-vale-do-paraiba\/","title":{"rendered":"Prefeito de Sum\u00e9 apresenta experi\u00eancias do cons\u00f3rcio de sa\u00fade do Cariri para prefeitos do Vale do Para\u00edba"},"content":{"rendered":"\n<p>Uma comitiva de prefeitos da regi\u00e3o do Baixo Para\u00edba visitaram as experi\u00eancias exitosas do Cons\u00f3rcio P\u00fablico Intermunicipal de Sa\u00fade do Cariri Ocidental (CISCO), em Sum\u00e9, na \u00faltima ter\u00e7a-feira (20).<br>Os gestores foram conhecer de perto o funcionamento do Cisco, que atende toda regi\u00e3o do Cariri, mas sua sede \u00e9 instalada na cidade de Sum\u00e9.<br>O Cons\u00f3rcio P\u00fablico Intermunicipal de Sa\u00fade do Cariri Ocidental (CISCO) atualmente \u00e9 formado por 18 munic\u00edpios. As a\u00e7\u00f5es do CISCO s\u00e3o oferecidas em 3 (tr\u00eas) polos de atendimento, localizados em Sum\u00e9, Monteiro e Serra Branca, e oferece aos seus usu\u00e1rios 33 tipos de exames e laudos, al\u00e9m de 15 procedimentos de aten\u00e7\u00e3o especializada.<br>A caravana de prefeitos foi composta por: George Coelho, presidente da Famup e prefeito de Sobrado, Alberto Ferreira, prefeito de Mogeiro, Adailson, prefeito de Salgado de S\u00e3o F\u00e9lix, Benilson, prefeito de Pilar, Carlos Madruga, prefeito de Gurinh\u00e9m foram recepcionados pelo prefeito de Sum\u00e9, \u00c9den Duarte e o presidente do cons\u00f3rcio, Jefferson Roberto, prefeito de S\u00e3o Jos\u00e9 dos Cordeiros.<br>\u201cOs nossos colegas prefeitos vieram conhecer a estrutura do nosso cons\u00f3rcio que j\u00e1 n\u00e3o \u00e9 mais s\u00f3 de sa\u00fade, recentemente firmamos um conv\u00eanio com a Funasa e estamos substituindo todas as casas de taipas da regi\u00e3o, como tamb\u00e9m construindo cisternas, atrav\u00e9s de uma emenda do deputado federal, Wellington Roberto no valor R$ 19 milh\u00f5es de reais\u201d destacou o prefeito \u00c9den Duarte.<br>O cons\u00f3rcio foi criado h\u00e1 21 anos atrav\u00e9s do ex-prefeito de Sum\u00e9, Neto Duarte, que juntamente com o ent\u00e3o secret\u00e1rio de Sa\u00fade do Governo da Para\u00edba, Jos\u00e9 Maria de Fran\u00e7a, foram conhecer o funcionamento de outros cons\u00f3cios em Minas Gerais e implantaram a experi\u00eancia no Cariri paraibano.&nbsp;<\/p>\n\n\n\n<p><strong>COM BLOG DO BRUNO LIRA<\/strong><\/p>\n","protected":false},"excerpt":{"rendered":"<p>Uma comitiva de prefeitos da regi\u00e3o do Baixo Para\u00edba visitaram as experi\u00eancias exitosas do Cons\u00f3rcio P\u00fablico Intermunicipal de Sa\u00fade do Cariri Ocidental (CISCO), em Sum\u00e9,&hellip; <\/p>\n","protected":false},"author":1,"featured_media":111529,"comment_status":"closed","ping_status":"closed","sticky":false,"template":"","format":"standard","meta":{"sfsi_plus_gutenberg_text_before_share":"","sfsi_plus_gutenberg_show_text_before_share":"","sfsi_plus_gutenberg_icon_type":"","sfsi_plus_gutenberg_icon_alignemt":"","sfsi_plus_gutenburg_max_per_row":"","footnotes":""},"categories":[6],"tags":[],"class_list":["post-111528","post","type-post","status-publish","format-standard","has-post-thumbnail","hentry","category-cidades"],"_links":{"self":[{"href":"https:\/\/www.caririemacao.com\/1\/wp-json\/wp\/v2\/posts\/111528","targetHints":{"allow":["GET"]}}],"collection":[{"href":"https:\/\/www.caririemacao.com\/1\/wp-json\/wp\/v2\/posts"}],"about":[{"href":"https:\/\/www.caririemacao.com\/1\/wp-json\/wp\/v2\/types\/post"}],"author":[{"embeddable":true,"href":"https:\/\/www.caririemacao.com\/1\/wp-json\/wp\/v2\/users\/1"}],"replies":[{"embeddable":true,"href":"https:\/\/www.caririemacao.com\/1\/wp-json\/wp\/v2\/comments?post=111528"}],"version-history":[{"count":1,"href":"https:\/\/www.caririemacao.com\/1\/wp-json\/wp\/v2\/posts\/111528\/revisions"}],"predecessor-version":[{"id":111530,"href":"https:\/\/www.caririemacao.com\/1\/wp-json\/wp\/v2\/posts\/111528\/revisions\/111530"}],"wp:featuredmedia":[{"embeddable":true,"href":"https:\/\/www.caririemacao.com\/1\/wp-json\/wp\/v2\/media\/111529"}],"wp:attachment":[{"href":"https:\/\/www.caririemacao.com\/1\/wp-json\/wp\/v2\/media?parent=111528"}],"wp:term":[{"taxonomy":"category","embeddable":true,"href":"https:\/\/www.caririemacao.com\/1\/wp-json\/wp\/v2\/categories?post=111528"},{"taxonomy":"post_tag","embeddable":true,"href":"https:\/\/www.caririemacao.com\/1\/wp-json\/wp\/v2\/tags?post=111528"}],"curies":[{"name":"wp","href":"https:\/\/api.w.org\/{rel}","templated":true}]}}