{"id":111537,"date":"2019-08-22T14:59:32","date_gmt":"2019-08-22T17:59:32","guid":{"rendered":"http:\/\/www.caririemacao.com\/1\/?p=111537"},"modified":"2019-08-22T14:59:32","modified_gmt":"2019-08-22T17:59:32","slug":"80-municipios-da-pb-estao-sob-alerta-de-perigo-de-baixa-umidade-02-cidades-do-cariri-estao-na-lista","status":"publish","type":"post","link":"https:\/\/www.caririemacao.com\/1\/2019\/08\/22\/80-municipios-da-pb-estao-sob-alerta-de-perigo-de-baixa-umidade-02-cidades-do-cariri-estao-na-lista\/","title":{"rendered":"80 munic\u00edpios da PB est\u00e3o sob alerta de perigo de baixa umidade; 02 cidades do Cariri est\u00e3o na lista"},"content":{"rendered":"\n<p>O Instituto Nacional de Meteorologia (Inmet) emitiu um alerta de perigo por baixa umidade para para 89 munic\u00edpios da Para\u00edba. O alerta teve in\u00edcio \u00e0s 12h e termina \u00e0s 18h desta quarta-feira (21).<\/p>\n\n\n\n<p>O aviso \u00e9 v\u00e1lido para cidades das regi\u00f5es do Cariri, Serid\u00f3 e Sert\u00e3o paraibano. Conforme o alerta do Inmet, a umidade relativa do ar deve variar entre 20% e 12%, podendo haver riscos de inc\u00eandios florestais. Para a popula\u00e7\u00e3o, h\u00e1 risco \u00e0 sa\u00fade, podendo haver ressecamento da pele, desconforto nos olhos, boca e nariz.<\/p>\n\n\n\n<p>Na regi\u00e3o do Cariri, os munic\u00edpios de Livramento e Tapero\u00e1 foram as cidades listadas que est\u00e3o sob alerta de perigo por baixa umidade.<\/p>\n\n\n\n<p>Segundo o instituto, \u00e9 recomendado a n\u00e3o realiza\u00e7\u00e3o de atividades f\u00edsicas, beber bastante l\u00edquido, evitar exposi\u00e7\u00e3o ao sol nas horas mais quentes do dia, usar hidratante para pele e umidificar os ambientes.<\/p>\n\n\n\n<p>Para mais informa\u00e7\u00f5es, o Instituto recomenda o 199 para contato com a Defesa Civil ou o 193 para o Corpo de Bombeiros.<\/p>\n\n\n\n<h2 class=\"wp-block-heading\"><strong>Lista de munic\u00edpios sob alerta de baixa umidade<\/strong><\/h2>\n\n\n\n<ol class=\"wp-block-list\"><li>Aguiar<\/li><li>Aparecida<\/li><li>Areia De Bara\u00fanas<\/li><li>Bel\u00e9m Do Brejo Do Cruz<\/li><li>Bernardino Batista<\/li><li>Boa Ventura<\/li><li>Bom Jesus<\/li><li>Bom Sucesso<\/li><li>Bonito De Santa F\u00e9<\/li><li>Brejo Do Cruz<\/li><li>Brejo Dos Santos<\/li><li>Cachoeira Dos \u00cdndios<\/li><li>Cacimba De Areia<\/li><li>Cacimbas<\/li><li>Cajazeiras<\/li><li>Cajazeirinhas<\/li><li>Carrapateira<\/li><li>Catingueira<\/li><li>Catol\u00e9 Do Rocha<\/li><li>Concei\u00e7\u00e3o<\/li><li>Condado<\/li><li>Coremas<\/li><li>Curral Velho<\/li><li>Desterro<\/li><li>Diamante<\/li><li>Emas<\/li><li>Ibiara<\/li><li>Igaracy<\/li><li>Imaculada<\/li><li>Itaporanga<\/li><li>Jeric\u00f3<\/li><li>Joca Claudino<\/li><li>Juru<\/li><li>Lagoa<\/li><li>Lastro<\/li><li><strong>Livramento<\/strong><\/li><li>Malta<\/li><li>Mana\u00edra<\/li><li>Mariz\u00f3polis<\/li><li>Mato Grosso<\/li><li>Matur\u00e9ia<\/li><li>Monte Horebe<\/li><li>M\u00e3e D\u2019\u00c1gua<\/li><li>Nazarezinho<\/li><li>Nova Olinda<\/li><li>Olho D\u2019\u00c1gua<\/li><li>Passagem<\/li><li>Patos<\/li><li>Paulista<\/li><li>Pedra Branca<\/li><li>Pianc\u00f3<\/li><li>Pombal<\/li><li>Po\u00e7o Dantas<\/li><li>Po\u00e7o De Jos\u00e9 De Moura<\/li><li>Princesa Isabel<\/li><li>Quixab\u00e1<\/li><li>Riacho Dos Cavalos<\/li><li>Santa Cruz<\/li><li>Santa Helena<\/li><li>Santa In\u00eas<\/li><li>Santa Luzia<\/li><li>Santa Teresinha<\/li><li>Santana De Mangueira<\/li><li>Santana Dos Garrotes<\/li><li>Serra Grande<\/li><li>Sousa<\/li><li>S\u00e3o Bentinho<\/li><li>S\u00e3o Bento<\/li><li>S\u00e3o Domingos<\/li><li>S\u00e3o Francisco<\/li><li>S\u00e3o Jos\u00e9 Da Lagoa Tapada<\/li><li>S\u00e3o Jos\u00e9 De Caiana<\/li><li>S\u00e3o Jos\u00e9 De Espinharas<\/li><li>S\u00e3o Jos\u00e9 De Piranhas<\/li><li>S\u00e3o Jos\u00e9 De Princesa<\/li><li>S\u00e3o Jos\u00e9 Do Bonfim<\/li><li>S\u00e3o Jos\u00e9 Do Brejo Do Cruz<\/li><li>S\u00e3o Jos\u00e9 Do Sabugi<\/li><li>S\u00e3o Jo\u00e3o Do Rio Do Peixe<\/li><li>S\u00e3o Mamede<\/li><li><strong>Tapero\u00e1<\/strong><\/li><li>Tavares<\/li><li>Teixeira<\/li><li>Triunfo<\/li><li>Uira\u00fana<\/li><li>Vieir\u00f3polis<\/li><li>Vista Serrana<\/li><li>V\u00e1rzea<\/li><li>\u00c1gua Branca<\/li><\/ol>\n\n\n\n<p>G1PB<\/p>\n","protected":false},"excerpt":{"rendered":"<p>O Instituto Nacional de Meteorologia (Inmet) emitiu um alerta de perigo por baixa umidade para para 89 munic\u00edpios da Para\u00edba. O alerta teve in\u00edcio \u00e0s&hellip; <\/p>\n","protected":false},"author":1,"featured_media":111538,"comment_status":"closed","ping_status":"closed","sticky":false,"template":"","format":"standard","meta":{"sfsi_plus_gutenberg_text_before_share":"","sfsi_plus_gutenberg_show_text_before_share":"","sfsi_plus_gutenberg_icon_type":"","sfsi_plus_gutenberg_icon_alignemt":"","sfsi_plus_gutenburg_max_per_row":"","footnotes":""},"categories":[6,50],"tags":[],"class_list":["post-111537","post","type-post","status-publish","format-standard","has-post-thumbnail","hentry","category-cidades","category-destaque"],"_links":{"self":[{"href":"https:\/\/www.caririemacao.com\/1\/wp-json\/wp\/v2\/posts\/111537","targetHints":{"allow":["GET"]}}],"collection":[{"href":"https:\/\/www.caririemacao.com\/1\/wp-json\/wp\/v2\/posts"}],"about":[{"href":"https:\/\/www.caririemacao.com\/1\/wp-json\/wp\/v2\/types\/post"}],"author":[{"embeddable":true,"href":"https:\/\/www.caririemacao.com\/1\/wp-json\/wp\/v2\/users\/1"}],"replies":[{"embeddable":true,"href":"https:\/\/www.caririemacao.com\/1\/wp-json\/wp\/v2\/comments?post=111537"}],"version-history":[{"count":1,"href":"https:\/\/www.caririemacao.com\/1\/wp-json\/wp\/v2\/posts\/111537\/revisions"}],"predecessor-version":[{"id":111539,"href":"https:\/\/www.caririemacao.com\/1\/wp-json\/wp\/v2\/posts\/111537\/revisions\/111539"}],"wp:featuredmedia":[{"embeddable":true,"href":"https:\/\/www.caririemacao.com\/1\/wp-json\/wp\/v2\/media\/111538"}],"wp:attachment":[{"href":"https:\/\/www.caririemacao.com\/1\/wp-json\/wp\/v2\/media?parent=111537"}],"wp:term":[{"taxonomy":"category","embeddable":true,"href":"https:\/\/www.caririemacao.com\/1\/wp-json\/wp\/v2\/categories?post=111537"},{"taxonomy":"post_tag","embeddable":true,"href":"https:\/\/www.caririemacao.com\/1\/wp-json\/wp\/v2\/tags?post=111537"}],"curies":[{"name":"wp","href":"https:\/\/api.w.org\/{rel}","templated":true}]}}