{"id":111540,"date":"2019-08-22T15:07:14","date_gmt":"2019-08-22T18:07:14","guid":{"rendered":"http:\/\/www.caririemacao.com\/1\/?p=111540"},"modified":"2019-08-22T15:07:14","modified_gmt":"2019-08-22T18:07:14","slug":"em-teresina-joao-azevedo-assegura-expansao-do-aplicativo-preco-da-hora-para-todo-o-nordeste","status":"publish","type":"post","link":"https:\/\/www.caririemacao.com\/1\/2019\/08\/22\/em-teresina-joao-azevedo-assegura-expansao-do-aplicativo-preco-da-hora-para-todo-o-nordeste\/","title":{"rendered":"Em Teresina, Jo\u00e3o Azev\u00eado assegura expans\u00e3o do aplicativo \u2018Pre\u00e7o da Hora\u2019 para todo o Nordeste"},"content":{"rendered":"\n<p>O aplicativo \u2018Pre\u00e7o da Hora\u2019, implantado recentemente na Para\u00edba, ser\u00e1 expandido para todos os Estados do Nordeste. A garantia foi dada ao governador Jo\u00e3o Azev\u00eado pelos demais gestores da regi\u00e3o, em Teresina, no Piau\u00ed, onde eles est\u00e3o reunidos, nesta quarta-feira (21), para participar de reuni\u00e3o do Cons\u00f3rcio Interestadual de Desenvolvimento Sustent\u00e1vel do Nordeste.<\/p>\n\n\n\n<p>\u201cEu fiz uma apresenta\u00e7\u00e3o r\u00e1pida do aplicativo e, de forma un\u00e2nime, ele foi reconhecido como um grande instrumento que pode trazer muitos benef\u00edcios para todos os Estados; por isso que j\u00e1 ficou definido que os outros Estados entrar\u00e3o em contato com as equipes t\u00e9cnicas para que a gente possa compartilhar esse aplicativo, a fim de fazer com que ele seja utilizado em toda a regi\u00e3o\u201d, explicou Jo\u00e3o Azev\u00eado.<\/p>\n\n\n\n<p>Na ocasi\u00e3o, o chefe do Executivo da Para\u00edba tamb\u00e9m ressaltou a import\u00e2ncia de mais um encontro promovido pelo Cons\u00f3rcio Nordeste. \u201cA expectativa \u00e9 sempre positiva. A gente avan\u00e7a em v\u00e1rias pautas a cada vez que o F\u00f3rum se re\u00fane e vamos tirar da Carta de Teresina alguns direcionamentos\u201d, disse.<\/p>\n\n\n\n<p>Durante a reuni\u00e3o, os governadores est\u00e3o discutindo temas relacionados \u00e0 educa\u00e7\u00e3o e \u00e0 media\u00e7\u00e3o tecnol\u00f3gica para a cria\u00e7\u00e3o da Universidade Aberta do Nordeste; miss\u00e3o especial com Uni\u00e3o Europeia; cria\u00e7\u00e3o de um escrit\u00f3rio do Cons\u00f3rcio na China para neg\u00f3cios e atra\u00e7\u00e3o de investimentos para a regi\u00e3o, al\u00e9m do desenvolvimento do turismo e a\u00e7\u00f5es de preserva\u00e7\u00e3o ambiental.<\/p>\n\n\n\n<p>O Cons\u00f3rcio Nordeste foi criado em mar\u00e7o deste ano e formalizado no dia 29 de julho, durante reuni\u00e3o dos governadores da regi\u00e3o em Salvador, e atua em \u00e1reas como o desenvolvimento econ\u00f4mico, infraestrutura, meio ambiente, articula\u00e7\u00e3o pol\u00edtica e jur\u00eddico-institucional, desenvolvimento social, ci\u00eancia, tecnologia e inova\u00e7\u00e3o, seguran\u00e7a p\u00fablica e administra\u00e7\u00e3o penitenci\u00e1ria, desenvolvimento da gest\u00e3o e comunica\u00e7\u00e3o p\u00fablica e estatal.<\/p>\n","protected":false},"excerpt":{"rendered":"<p>O aplicativo \u2018Pre\u00e7o da Hora\u2019, implantado recentemente na Para\u00edba, ser\u00e1 expandido para todos os Estados do Nordeste. A garantia foi dada ao governador Jo\u00e3o Azev\u00eado&hellip; <\/p>\n","protected":false},"author":1,"featured_media":111541,"comment_status":"closed","ping_status":"closed","sticky":false,"template":"","format":"standard","meta":{"sfsi_plus_gutenberg_text_before_share":"","sfsi_plus_gutenberg_show_text_before_share":"","sfsi_plus_gutenberg_icon_type":"","sfsi_plus_gutenberg_icon_alignemt":"","sfsi_plus_gutenburg_max_per_row":"","footnotes":""},"categories":[11],"tags":[],"class_list":["post-111540","post","type-post","status-publish","format-standard","has-post-thumbnail","hentry","category-politica"],"_links":{"self":[{"href":"https:\/\/www.caririemacao.com\/1\/wp-json\/wp\/v2\/posts\/111540","targetHints":{"allow":["GET"]}}],"collection":[{"href":"https:\/\/www.caririemacao.com\/1\/wp-json\/wp\/v2\/posts"}],"about":[{"href":"https:\/\/www.caririemacao.com\/1\/wp-json\/wp\/v2\/types\/post"}],"author":[{"embeddable":true,"href":"https:\/\/www.caririemacao.com\/1\/wp-json\/wp\/v2\/users\/1"}],"replies":[{"embeddable":true,"href":"https:\/\/www.caririemacao.com\/1\/wp-json\/wp\/v2\/comments?post=111540"}],"version-history":[{"count":1,"href":"https:\/\/www.caririemacao.com\/1\/wp-json\/wp\/v2\/posts\/111540\/revisions"}],"predecessor-version":[{"id":111542,"href":"https:\/\/www.caririemacao.com\/1\/wp-json\/wp\/v2\/posts\/111540\/revisions\/111542"}],"wp:featuredmedia":[{"embeddable":true,"href":"https:\/\/www.caririemacao.com\/1\/wp-json\/wp\/v2\/media\/111541"}],"wp:attachment":[{"href":"https:\/\/www.caririemacao.com\/1\/wp-json\/wp\/v2\/media?parent=111540"}],"wp:term":[{"taxonomy":"category","embeddable":true,"href":"https:\/\/www.caririemacao.com\/1\/wp-json\/wp\/v2\/categories?post=111540"},{"taxonomy":"post_tag","embeddable":true,"href":"https:\/\/www.caririemacao.com\/1\/wp-json\/wp\/v2\/tags?post=111540"}],"curies":[{"name":"wp","href":"https:\/\/api.w.org\/{rel}","templated":true}]}}