{"id":111543,"date":"2019-08-22T15:09:40","date_gmt":"2019-08-22T18:09:40","guid":{"rendered":"http:\/\/www.caririemacao.com\/1\/?p=111543"},"modified":"2019-08-22T15:09:40","modified_gmt":"2019-08-22T18:09:40","slug":"bolsonaro-indica-mudanca-no-comando-da-policia-federal","status":"publish","type":"post","link":"https:\/\/www.caririemacao.com\/1\/2019\/08\/22\/bolsonaro-indica-mudanca-no-comando-da-policia-federal\/","title":{"rendered":"Bolsonaro indica mudan\u00e7a no comando da Pol\u00edcia Federal"},"content":{"rendered":"\n<p>O presidente Jair Bolsonaro (PSL) voltou a defender nesta quinta-feira (22) seu direito de intervir na Pol\u00edcia Federal e disse que, se n\u00e3o puder trocar um superintendente do \u00f3rg\u00e3o, pode mudar o diretor-geral.<br>&#8220;Agora h\u00e1 uma onda terr\u00edvel sobre superintend\u00eancia. Onze [superintendentes] foram trocados e ningu\u00e9m falou nada. Sugiro o cara de um estado para ir para l\u00e1: &#8216;Est\u00e1 interferindo&#8217;. Espera a\u00ed. Se eu n\u00e3o posso&nbsp; trocar o superintendente, eu vou trocar o diretor-geral&#8221;, afirmou.<\/p>\n\n\n\n<p>A declara\u00e7\u00e3o foi feita na sa\u00edda do Pal\u00e1cio da Alvorada, quando o presidente foi questionado se ele pretendia retirar Maur\u00edcio Valeixo da diretoria-geral da PF.&nbsp;<\/p>\n\n\n\n<p>&#8220;Se eu trocar hoje, qual o problema? Est\u00e1 na lei que eu que indico e n\u00e3o o Sergio Moro. E ponto final&#8221;, afirmou, em mais um atrito p\u00fablico com o ex-juiz federal e hoje ministro da Justi\u00e7a.<\/p>\n\n\n\n<p>Na noite de quarta (21), Bolsonaro fez uma postagem no Twitter dizendo que \u00e9 sua atribui\u00e7\u00e3o escolher o chefe da institui\u00e7\u00e3o.<\/p>\n\n\n\n<p>&#8220;Confio plenamente em meus ministros. A eles conferi total autonomia. Aos setores da imprensa que me acusam de interferir na PF, lembro que, de acordo com a lei 13.047\/14, a escolha do Diretor Geral dessa exemplar institui\u00e7\u00e3o \u00e9 de compet\u00eancia exclusiva do Presidente da Rep\u00fablica&#8221;, escreveu.<\/p>\n\n\n\n<p>J\u00e1 nesta quinta-feira o presidente deu sinais trocados sobre se vai mudar o comando da pol\u00edcia, mas repetiu diversas vezes que isso cabe a ele e n\u00e3o ao ministro da Justi\u00e7a.<br>&#8220;\u00c9 inten\u00e7\u00e3o minha, a hora que eu achar correto. Se \u00e9 para n\u00e3o ter interfer\u00eancia, o diretor anterior, que \u00e9 o que estava l\u00e1 com o Temer, tinha que ser mantido. Ou a PF agora \u00e9 algo independente? A PF orgulha a todos n\u00f3s, e a renova\u00e7\u00e3o \u00e9 salutar, \u00e9 saud\u00e1vel&#8221;, disse.<\/p>\n\n\n\n<p>&#8220;O Valeixo pode querer sair hoje. N\u00e3o depende da vontade dele. E outra, ele \u00e9 subordinado a mim, n\u00e3o ao ministro. Deixo bem claro isso a\u00ed. Eu \u00e9 que indico. Est\u00e1 bem claro na lei, o diretor-geral.&#8221;<\/p>\n\n\n\n<p>Ao ser questionado sobre se vai trocar agora Valeixo, respondeu: &#8220;Voc\u00ea vai ficar querendo saber.&#8221;<\/p>\n","protected":false},"excerpt":{"rendered":"<p>O presidente Jair Bolsonaro (PSL) voltou a defender nesta quinta-feira (22) seu direito de intervir na Pol\u00edcia Federal e disse que, se n\u00e3o puder trocar&hellip; <\/p>\n","protected":false},"author":1,"featured_media":110902,"comment_status":"closed","ping_status":"closed","sticky":false,"template":"","format":"standard","meta":{"sfsi_plus_gutenberg_text_before_share":"","sfsi_plus_gutenberg_show_text_before_share":"","sfsi_plus_gutenberg_icon_type":"","sfsi_plus_gutenberg_icon_alignemt":"","sfsi_plus_gutenburg_max_per_row":"","footnotes":""},"categories":[11],"tags":[],"class_list":["post-111543","post","type-post","status-publish","format-standard","has-post-thumbnail","hentry","category-politica"],"_links":{"self":[{"href":"https:\/\/www.caririemacao.com\/1\/wp-json\/wp\/v2\/posts\/111543","targetHints":{"allow":["GET"]}}],"collection":[{"href":"https:\/\/www.caririemacao.com\/1\/wp-json\/wp\/v2\/posts"}],"about":[{"href":"https:\/\/www.caririemacao.com\/1\/wp-json\/wp\/v2\/types\/post"}],"author":[{"embeddable":true,"href":"https:\/\/www.caririemacao.com\/1\/wp-json\/wp\/v2\/users\/1"}],"replies":[{"embeddable":true,"href":"https:\/\/www.caririemacao.com\/1\/wp-json\/wp\/v2\/comments?post=111543"}],"version-history":[{"count":1,"href":"https:\/\/www.caririemacao.com\/1\/wp-json\/wp\/v2\/posts\/111543\/revisions"}],"predecessor-version":[{"id":111544,"href":"https:\/\/www.caririemacao.com\/1\/wp-json\/wp\/v2\/posts\/111543\/revisions\/111544"}],"wp:featuredmedia":[{"embeddable":true,"href":"https:\/\/www.caririemacao.com\/1\/wp-json\/wp\/v2\/media\/110902"}],"wp:attachment":[{"href":"https:\/\/www.caririemacao.com\/1\/wp-json\/wp\/v2\/media?parent=111543"}],"wp:term":[{"taxonomy":"category","embeddable":true,"href":"https:\/\/www.caririemacao.com\/1\/wp-json\/wp\/v2\/categories?post=111543"},{"taxonomy":"post_tag","embeddable":true,"href":"https:\/\/www.caririemacao.com\/1\/wp-json\/wp\/v2\/tags?post=111543"}],"curies":[{"name":"wp","href":"https:\/\/api.w.org\/{rel}","templated":true}]}}