{"id":111548,"date":"2019-08-22T15:15:11","date_gmt":"2019-08-22T18:15:11","guid":{"rendered":"http:\/\/www.caririemacao.com\/1\/?p=111548"},"modified":"2019-08-22T15:15:11","modified_gmt":"2019-08-22T18:15:11","slug":"fpf-divulga-tabela-detalhada-da-segundinha-com-jogos-pela-manha","status":"publish","type":"post","link":"https:\/\/www.caririemacao.com\/1\/2019\/08\/22\/fpf-divulga-tabela-detalhada-da-segundinha-com-jogos-pela-manha\/","title":{"rendered":"FPF divulga tabela detalhada da Segundinha com jogos pela manh\u00e3"},"content":{"rendered":"\n<p>A Federa\u00e7\u00e3o Paraibana de Futebol (FPF) divulgou nesta quarta-feira a tabela detalhada dos jogos da rodada inicial da segunda divis\u00e3o do Campeonato Paraibano de 2019, que come\u00e7a no final de semana.<\/p>\n\n\n\n<p>O que chamou a aten\u00e7\u00e3o na divulga\u00e7\u00e3o do documento \u00e9 que a FPF vai adotar um novo hor\u00e1rio para as partidas da divis\u00e3o de acesso do futebol estadual: 11h.<\/p>\n\n\n\n<p>Pelo Grupo Litoral\/Brejo, as partidas, todas no domingo (25), acontecer\u00e3o nos seguintes hor\u00e1rios: Miramar x S\u00e3o Paulo Crystal, no Almeid\u00e3o \u00e0s 11h; Auto Esporte x Desportiva Guarabira, tamb\u00e9m no Almeida Filho, \u00e0s 15h, e Internacional-PB x Confian\u00e7a de Sap\u00e9, \u00e0s 16h, no M\u00f3dulo Esportivo, em Mamanguape.<\/p>\n\n\n\n<p>Como o Inter-PB ainda n\u00e3o apresentou os laudos do local em que vai mandar suas partidas, esse jogo de estreia vai acontecer com port\u00f5es fechados, sem a presen\u00e7a de torcedores.<\/p>\n\n\n\n<p>J\u00e1 pelo Grupo Agreste\/Sert\u00e3o, tamb\u00e9m tr\u00eas jogos, todos no dia 25. Picuiense x Nacional de Pombal, no Amig\u00e3o, \u00e0s 11h; Queimadense x Femar, \u00e0s 15h, tamb\u00e9m no Colosso da Borborema; Sabugy x Sport Lagoa Seca, no Jos\u00e9 Cavalcanti, \u00e0s 16h.<\/p>\n\n\n\n<p>Nos pr\u00f3ximos dias a FPF promete divulgar os demais locais e hor\u00e1rios dos jogos da 2\u00aa divis\u00e3o do Campeonato Paraibano, competi\u00e7\u00e3o que vai levar duas equipes \u00e0 elite do futebol estadual em 2020.<\/p>\n","protected":false},"excerpt":{"rendered":"<p>A Federa\u00e7\u00e3o Paraibana de Futebol (FPF) divulgou nesta quarta-feira a tabela detalhada dos jogos da rodada inicial da segunda divis\u00e3o do Campeonato Paraibano de 2019,&hellip; <\/p>\n","protected":false},"author":1,"featured_media":26095,"comment_status":"closed","ping_status":"closed","sticky":false,"template":"","format":"standard","meta":{"sfsi_plus_gutenberg_text_before_share":"","sfsi_plus_gutenberg_show_text_before_share":"","sfsi_plus_gutenberg_icon_type":"","sfsi_plus_gutenberg_icon_alignemt":"","sfsi_plus_gutenburg_max_per_row":"","footnotes":""},"categories":[13],"tags":[],"class_list":["post-111548","post","type-post","status-publish","format-standard","has-post-thumbnail","hentry","category-esportes"],"_links":{"self":[{"href":"https:\/\/www.caririemacao.com\/1\/wp-json\/wp\/v2\/posts\/111548","targetHints":{"allow":["GET"]}}],"collection":[{"href":"https:\/\/www.caririemacao.com\/1\/wp-json\/wp\/v2\/posts"}],"about":[{"href":"https:\/\/www.caririemacao.com\/1\/wp-json\/wp\/v2\/types\/post"}],"author":[{"embeddable":true,"href":"https:\/\/www.caririemacao.com\/1\/wp-json\/wp\/v2\/users\/1"}],"replies":[{"embeddable":true,"href":"https:\/\/www.caririemacao.com\/1\/wp-json\/wp\/v2\/comments?post=111548"}],"version-history":[{"count":1,"href":"https:\/\/www.caririemacao.com\/1\/wp-json\/wp\/v2\/posts\/111548\/revisions"}],"predecessor-version":[{"id":111549,"href":"https:\/\/www.caririemacao.com\/1\/wp-json\/wp\/v2\/posts\/111548\/revisions\/111549"}],"wp:featuredmedia":[{"embeddable":true,"href":"https:\/\/www.caririemacao.com\/1\/wp-json\/wp\/v2\/media\/26095"}],"wp:attachment":[{"href":"https:\/\/www.caririemacao.com\/1\/wp-json\/wp\/v2\/media?parent=111548"}],"wp:term":[{"taxonomy":"category","embeddable":true,"href":"https:\/\/www.caririemacao.com\/1\/wp-json\/wp\/v2\/categories?post=111548"},{"taxonomy":"post_tag","embeddable":true,"href":"https:\/\/www.caririemacao.com\/1\/wp-json\/wp\/v2\/tags?post=111548"}],"curies":[{"name":"wp","href":"https:\/\/api.w.org\/{rel}","templated":true}]}}