{"id":111552,"date":"2019-08-22T15:21:45","date_gmt":"2019-08-22T18:21:45","guid":{"rendered":"http:\/\/www.caririemacao.com\/1\/?p=111552"},"modified":"2019-08-22T15:21:45","modified_gmt":"2019-08-22T18:21:45","slug":"ricardo-coutinho-participa-de-coletiva-em-monteiro-sobre-o-ato-sos-transposicao","status":"publish","type":"post","link":"https:\/\/www.caririemacao.com\/1\/2019\/08\/22\/ricardo-coutinho-participa-de-coletiva-em-monteiro-sobre-o-ato-sos-transposicao\/","title":{"rendered":"Ricardo Coutinho participa de coletiva em Monteiro sobre o Ato SOS Transposi\u00e7\u00e3o"},"content":{"rendered":"\n<p>O ex -governador e presidente da Funda\u00e7\u00e3o Jo\u00e3o Mangabeira, Ricardo Co utinho (PSB) concede entrevista coletiva nesta sexta-feira (23), \u00e0s 15h, em Monteiro, sobre a mobiliza\u00e7\u00e3o do Ato SOS Transposi\u00e7\u00e3o, que acontece no pr\u00f3ximo domingo (1\u00b0 de setembro) com a presen\u00e7a de lideran\u00e7as nacionais, governadores, prefeitos,   parlamentares, movimentos sociais e o povo Nordestino.<\/p>\n\n\n\n<p>Ap\u00f3s a coletiva, ser\u00e1 realizada na C\u00e2mara Municipal uma plen\u00e1ria com prefeitos, lideran\u00e7as pol\u00edticas e representantes dos movimentos sociais do estado para organiza\u00e7\u00e3o do ato.  <\/p>\n\n\n\n<p>O ato SOS Transposi\u00e7\u00e3o \u00e9 um grito de socorro do povo Nordestino contra o abandono por parte do governo federal da maior obra h\u00eddrica da hist\u00f3ria do Nordeste e que se conclu\u00edda beneficiar\u00e1 mais de 12 milh\u00f5es de pessoas dos Estados da Para\u00edba, Pernambuco, Rio Grande do Norte e Cear\u00e1.<\/p>\n\n\n\n<p>H\u00e1 quase seis meses as \u00e1guas da transposi\u00e7\u00e3o deixaram de ser bombeadas para o Rio Para\u00edba, prejudicando o abastecimento de \u00e1gua de 44 munic\u00edpios da Para\u00edba e Pernambuco.<\/p>\n\n\n\n<p>Servi\u00e7o: <\/p>\n\n\n\n<p>Entrevista coletiva com ex-governador Ricardo Coutinho<br>\nData: 23 de agosto (sexta), \u00e0s 15h<br>\nLocal: C\u00e2mara Municipal de Monteiro<\/p>\n","protected":false},"excerpt":{"rendered":"<p>O ex -governador e presidente da Funda\u00e7\u00e3o Jo\u00e3o Mangabeira, Ricardo Co utinho (PSB) concede entrevista coletiva nesta sexta-feira (23), \u00e0s 15h, em Monteiro, sobre a&hellip; <\/p>\n","protected":false},"author":1,"featured_media":33979,"comment_status":"closed","ping_status":"closed","sticky":false,"template":"","format":"standard","meta":{"sfsi_plus_gutenberg_text_before_share":"","sfsi_plus_gutenberg_show_text_before_share":"","sfsi_plus_gutenberg_icon_type":"","sfsi_plus_gutenberg_icon_alignemt":"","sfsi_plus_gutenburg_max_per_row":"","footnotes":""},"categories":[50,11],"tags":[],"class_list":["post-111552","post","type-post","status-publish","format-standard","has-post-thumbnail","hentry","category-destaque","category-politica"],"_links":{"self":[{"href":"https:\/\/www.caririemacao.com\/1\/wp-json\/wp\/v2\/posts\/111552","targetHints":{"allow":["GET"]}}],"collection":[{"href":"https:\/\/www.caririemacao.com\/1\/wp-json\/wp\/v2\/posts"}],"about":[{"href":"https:\/\/www.caririemacao.com\/1\/wp-json\/wp\/v2\/types\/post"}],"author":[{"embeddable":true,"href":"https:\/\/www.caririemacao.com\/1\/wp-json\/wp\/v2\/users\/1"}],"replies":[{"embeddable":true,"href":"https:\/\/www.caririemacao.com\/1\/wp-json\/wp\/v2\/comments?post=111552"}],"version-history":[{"count":1,"href":"https:\/\/www.caririemacao.com\/1\/wp-json\/wp\/v2\/posts\/111552\/revisions"}],"predecessor-version":[{"id":111553,"href":"https:\/\/www.caririemacao.com\/1\/wp-json\/wp\/v2\/posts\/111552\/revisions\/111553"}],"wp:featuredmedia":[{"embeddable":true,"href":"https:\/\/www.caririemacao.com\/1\/wp-json\/wp\/v2\/media\/33979"}],"wp:attachment":[{"href":"https:\/\/www.caririemacao.com\/1\/wp-json\/wp\/v2\/media?parent=111552"}],"wp:term":[{"taxonomy":"category","embeddable":true,"href":"https:\/\/www.caririemacao.com\/1\/wp-json\/wp\/v2\/categories?post=111552"},{"taxonomy":"post_tag","embeddable":true,"href":"https:\/\/www.caririemacao.com\/1\/wp-json\/wp\/v2\/tags?post=111552"}],"curies":[{"name":"wp","href":"https:\/\/api.w.org\/{rel}","templated":true}]}}