{"id":111555,"date":"2019-08-22T15:32:31","date_gmt":"2019-08-22T18:32:31","guid":{"rendered":"http:\/\/www.caririemacao.com\/1\/?p=111555"},"modified":"2019-08-22T15:32:31","modified_gmt":"2019-08-22T18:32:31","slug":"rede-municipal-de-monteiro-realiza-diversas-atividades-envolvendo-alunos-e-familias","status":"publish","type":"post","link":"https:\/\/www.caririemacao.com\/1\/2019\/08\/22\/rede-municipal-de-monteiro-realiza-diversas-atividades-envolvendo-alunos-e-familias\/","title":{"rendered":"Rede Municipal de Monteiro realiza diversas atividades envolvendo alunos e fam\u00edlias"},"content":{"rendered":"\n<p>A Rede Municipal de Ensino continua realizando diversas atividades, promovendo a socializa\u00e7\u00e3o entre a Escola e os familiares do alunado. Um destes exemplos foi a Festa em comemora\u00e7\u00e3o ao Dia dos Pais, a exemplo do evento realizado na Escola Maria Lauric\u00e9ia Freitas, aonde os pais e alunos puderam desfrutar de um momento muito especial e descontra\u00eddo com bastante brincadeiras e homenagens.<\/p>\n\n\n\n<p>De forma inovadora, a Secretaria de Educa\u00e7\u00e3o do Munic\u00edpio ainda vem promovendo palestras e din\u00e2micas com Psic\u00f3logas e Psicopedagogas a fim de trabalhar a autoestima, a confian\u00e7a e o compromisso dos alunos do 5\u00b0 e 9\u00b0 ano, p\u00fablico alvo da avalia\u00e7\u00e3o no Sistema de Avalia\u00e7\u00e3o da Educa\u00e7\u00e3o B\u00e1sica (Saeb).<\/p>\n\n\n\n<div class=\"wp-block-image\"><figure class=\"aligncenter\"><img decoding=\"async\" data-src=\"http:\/\/hora1pb.com.br\/wp-content\/uploads\/2019\/08\/2B033A90-049A-4BFB-A080-9159EBDF617D.jpeg\" alt=\"\" class=\"wp-image-15014 lazyload\" src=\"data:image\/svg+xml;base64,PHN2ZyB3aWR0aD0iMSIgaGVpZ2h0PSIxIiB4bWxucz0iaHR0cDovL3d3dy53My5vcmcvMjAwMC9zdmciPjwvc3ZnPg==\" \/><\/figure><\/div>\n\n\n\n<p>Estas atividades s\u00e3o desempenhadas nas Escolas atrav\u00e9s dos profissionais do NAPSE (N\u00facleo de Apoio Psicossocial e Educacional).<\/p>\n\n\n\n<p>A Prefeitura Municipal de Monteiro em parceria com Faculdade Rebou\u00e7as de Campina Grande promoveu tamb\u00e9m a I Bisurada os alunos de 5\u00ba e 9\u00ba ano da Rede Municipal de Ensino. Neste evento, a Secretaria de Educa\u00e7\u00e3o ofereceu a mais de 700 alunos das escolas urbana e rural o direito de aprofundar seus conhecimentos em rela\u00e7\u00e3o \u00e0 Prova SAEB\/2019 de forma l\u00fadica e extrovertida ser\u00e1 um dia rico, de experi\u00eancia e de muito aprendizado.<\/p>\n\n\n\n<p>As aulas aconteceram com professores experientes que j\u00e1 realizam o evento na cidade de Campina Grande. Muitas dicas importantes foram repassadas aos estudantes que de forma descontra\u00edda puderam experimentar mais esta novidade preparada pela Secretaria de Educa\u00e7\u00e3o de Monteiro.<\/p>\n\n\n\n<p>Ainda visando avalia\u00e7\u00f5es as quais os alunos da Rede passar\u00e3o, est\u00e3o as Olimp\u00edadas de L\u00edngua Portuguesa, onde nesta semana ser\u00e3o enviadas as reda\u00e7\u00f5es vencedoras nas escolas para a etapa nacional.<\/p>\n\n\n\n<p>Neste sentido, professores, coordenadores e equipe escolar trabalharam na escolha dos trabalhos feitos com maestria e encanto por todos os alunos.<\/p>\n\n\n\n<p>\u201cTemos sempre uma agenda cheia, com atividades, a\u00e7\u00f5es e outros. Queremos o melhor para nossos alunos e para Monteiro. Cada um que comp\u00f5e a rede municipal de educa\u00e7\u00e3o tem seu papel, incentivando e realizando todos os nossos projetos. O resultado \u00e9 visto em n\u00fameros, estamos sempre na vanguarda\u201d, aponta Ana Lima, secret\u00e1ria da pasta.<\/p>\n","protected":false},"excerpt":{"rendered":"<p>A Rede Municipal de Ensino continua realizando diversas atividades, promovendo a socializa\u00e7\u00e3o entre a Escola e os familiares do alunado. Um destes exemplos foi a&hellip; <\/p>\n","protected":false},"author":1,"featured_media":111556,"comment_status":"closed","ping_status":"closed","sticky":false,"template":"","format":"standard","meta":{"sfsi_plus_gutenberg_text_before_share":"","sfsi_plus_gutenberg_show_text_before_share":"","sfsi_plus_gutenberg_icon_type":"","sfsi_plus_gutenberg_icon_alignemt":"","sfsi_plus_gutenburg_max_per_row":"","footnotes":""},"categories":[14],"tags":[],"class_list":["post-111555","post","type-post","status-publish","format-standard","has-post-thumbnail","hentry","category-educacao"],"_links":{"self":[{"href":"https:\/\/www.caririemacao.com\/1\/wp-json\/wp\/v2\/posts\/111555","targetHints":{"allow":["GET"]}}],"collection":[{"href":"https:\/\/www.caririemacao.com\/1\/wp-json\/wp\/v2\/posts"}],"about":[{"href":"https:\/\/www.caririemacao.com\/1\/wp-json\/wp\/v2\/types\/post"}],"author":[{"embeddable":true,"href":"https:\/\/www.caririemacao.com\/1\/wp-json\/wp\/v2\/users\/1"}],"replies":[{"embeddable":true,"href":"https:\/\/www.caririemacao.com\/1\/wp-json\/wp\/v2\/comments?post=111555"}],"version-history":[{"count":1,"href":"https:\/\/www.caririemacao.com\/1\/wp-json\/wp\/v2\/posts\/111555\/revisions"}],"predecessor-version":[{"id":111557,"href":"https:\/\/www.caririemacao.com\/1\/wp-json\/wp\/v2\/posts\/111555\/revisions\/111557"}],"wp:featuredmedia":[{"embeddable":true,"href":"https:\/\/www.caririemacao.com\/1\/wp-json\/wp\/v2\/media\/111556"}],"wp:attachment":[{"href":"https:\/\/www.caririemacao.com\/1\/wp-json\/wp\/v2\/media?parent=111555"}],"wp:term":[{"taxonomy":"category","embeddable":true,"href":"https:\/\/www.caririemacao.com\/1\/wp-json\/wp\/v2\/categories?post=111555"},{"taxonomy":"post_tag","embeddable":true,"href":"https:\/\/www.caririemacao.com\/1\/wp-json\/wp\/v2\/tags?post=111555"}],"curies":[{"name":"wp","href":"https:\/\/api.w.org\/{rel}","templated":true}]}}