{"id":111560,"date":"2019-08-22T15:37:43","date_gmt":"2019-08-22T18:37:43","guid":{"rendered":"http:\/\/www.caririemacao.com\/1\/?p=111560"},"modified":"2019-08-22T15:37:43","modified_gmt":"2019-08-22T18:37:43","slug":"oposicao-derrota-bolsonaro-e-retira-trabalho-aos-domingos-de-mp-da-liberdade-economica","status":"publish","type":"post","link":"https:\/\/www.caririemacao.com\/1\/2019\/08\/22\/oposicao-derrota-bolsonaro-e-retira-trabalho-aos-domingos-de-mp-da-liberdade-economica\/","title":{"rendered":"Oposi\u00e7\u00e3o derrota Bolsonaro e retira trabalho aos domingos de MP da Liberdade Econ\u00f4mica"},"content":{"rendered":"\n<p>A oposi\u00e7\u00e3o conseguiu articular nesta quarta-feira (21), no Senado, a retirada de novas regras sobre trabalho aos domingos da Medida Provis\u00f3ria 881\/2019, a MP da Liberdade Econ\u00f4mica. O texto aprovado na C\u00e2mara dos Deputados com chancela do Planalto autorizava todas as categorias profissionais a trabalharem aos domingos e feriados quando fosse solicitado pelo patr\u00e3o.<\/p>\n\n\n\n<p>Por press\u00e3o da oposi\u00e7\u00e3o e de senadores que n\u00e3o queriam se comprometer com o trecho que liberava o trabalho aos domingos, com folga determinada pelo patr\u00e3o em outro dia da semana, sem pagamento de adicional de 100% da hora trabalhada, foi acordada a supress\u00e3o dessas novas regras no texto aprovado no Senado Federal.<\/p>\n\n\n\n<p>O senador Humberto Costa (PT-PE) comemorou a mudan\u00e7a, mas destacou que \u201cmuita coisa ruim\u201d foi aprovada. \u201cAcabamos de retirar, aqui no plen\u00e1rio do Senado, o dispositivo tacanho inserido na chamada MP da Liberdade Econ\u00f4mica que previa trabalho aos domingos e feriados, com uma folga sobre quatro domingos. Muita coisa ruim, no entanto, passou pela vontade de Jair Bolsonaro e sua turma\u201d, tuitou.<\/p>\n\n\n\n<p>O presidente do Senado, Davi Alcolumbre (DEM-AP), tamb\u00e9m comentou a supress\u00e3o e disse que o assunto ainda ser\u00e1 discutido com mais profundidade em um projeto de lei. \u201cFoi retirado da MP da Liberdade Econ\u00f4mica as regras referentes ao trabalho aos domingos. O assunto vai ser discutido futuramente em um projeto de lei\u201d, publicou.<\/p>\n","protected":false},"excerpt":{"rendered":"<p>A oposi\u00e7\u00e3o conseguiu articular nesta quarta-feira (21), no Senado, a retirada de novas regras sobre trabalho aos domingos da Medida Provis\u00f3ria 881\/2019, a MP da&hellip; <\/p>\n","protected":false},"author":1,"featured_media":111561,"comment_status":"closed","ping_status":"closed","sticky":false,"template":"","format":"standard","meta":{"sfsi_plus_gutenberg_text_before_share":"","sfsi_plus_gutenberg_show_text_before_share":"","sfsi_plus_gutenberg_icon_type":"","sfsi_plus_gutenberg_icon_alignemt":"","sfsi_plus_gutenburg_max_per_row":"","footnotes":""},"categories":[11],"tags":[],"class_list":["post-111560","post","type-post","status-publish","format-standard","has-post-thumbnail","hentry","category-politica"],"_links":{"self":[{"href":"https:\/\/www.caririemacao.com\/1\/wp-json\/wp\/v2\/posts\/111560","targetHints":{"allow":["GET"]}}],"collection":[{"href":"https:\/\/www.caririemacao.com\/1\/wp-json\/wp\/v2\/posts"}],"about":[{"href":"https:\/\/www.caririemacao.com\/1\/wp-json\/wp\/v2\/types\/post"}],"author":[{"embeddable":true,"href":"https:\/\/www.caririemacao.com\/1\/wp-json\/wp\/v2\/users\/1"}],"replies":[{"embeddable":true,"href":"https:\/\/www.caririemacao.com\/1\/wp-json\/wp\/v2\/comments?post=111560"}],"version-history":[{"count":1,"href":"https:\/\/www.caririemacao.com\/1\/wp-json\/wp\/v2\/posts\/111560\/revisions"}],"predecessor-version":[{"id":111562,"href":"https:\/\/www.caririemacao.com\/1\/wp-json\/wp\/v2\/posts\/111560\/revisions\/111562"}],"wp:featuredmedia":[{"embeddable":true,"href":"https:\/\/www.caririemacao.com\/1\/wp-json\/wp\/v2\/media\/111561"}],"wp:attachment":[{"href":"https:\/\/www.caririemacao.com\/1\/wp-json\/wp\/v2\/media?parent=111560"}],"wp:term":[{"taxonomy":"category","embeddable":true,"href":"https:\/\/www.caririemacao.com\/1\/wp-json\/wp\/v2\/categories?post=111560"},{"taxonomy":"post_tag","embeddable":true,"href":"https:\/\/www.caririemacao.com\/1\/wp-json\/wp\/v2\/tags?post=111560"}],"curies":[{"name":"wp","href":"https:\/\/api.w.org\/{rel}","templated":true}]}}