{"id":111563,"date":"2019-08-22T15:40:28","date_gmt":"2019-08-22T18:40:28","guid":{"rendered":"http:\/\/www.caririemacao.com\/1\/?p=111563"},"modified":"2019-08-22T15:40:28","modified_gmt":"2019-08-22T18:40:28","slug":"homem-e-condenado-a-oito-anos-de-prisao-por-estupro-de-menina-de-11-anos","status":"publish","type":"post","link":"https:\/\/www.caririemacao.com\/1\/2019\/08\/22\/homem-e-condenado-a-oito-anos-de-prisao-por-estupro-de-menina-de-11-anos\/","title":{"rendered":"Homem \u00e9 condenado a oito anos de pris\u00e3o por estupro de menina de 11 anos"},"content":{"rendered":"\n<p>Um homem foi condenado a oito anos de pris\u00e3o por estupro de vulner\u00e1vel contra uma menina de apenas 11 anos de idade. A decis\u00e3o foi do juiz Pedro Davi Alves de Vasconcelos, da Comarca de \u00c1gua Branca. Inicialmente, Luiz Severino da Silva deve cumprir a pena em regime semiaberto.<\/p>\n\n\n\n<p>Conforme den\u00fancia do Minist\u00e9rio P\u00fablico da Para\u00edba (MPPB), ele praticou o crime em 2016, no munic\u00edpio de Juru. O crime de estupro de vulner\u00e1vel \u00e9 previsto no artigo 217-A do C\u00f3digo Penal.<\/p>\n\n\n\n<p>De acordo com os autos da A\u00e7\u00e3o Penal, a v\u00edtima estava a caminho de casa quando foi chamada pelo homem para ir at\u00e9 uma casa em constru\u00e7\u00e3o. Ainda segundo a den\u00fancia, a menor recusou o convite e, ent\u00e3o, Severino a amea\u00e7ou fazendo com que a crian\u00e7a fosse at\u00e9 a casa em constru\u00e7\u00e3o, onde aconteceu o estupro.<\/p>\n\n\n\n<p>Os fatos foram confirmados pela v\u00edtima, tanto em depoimento em ju\u00edzo quanto na delegacia. Luiz Severino negou que tenha praticado ato libidinoso. O homem disse que eventuais acusa\u00e7\u00f5es de estupro feitas contra ele devem ser de algu\u00e9m querendo lhe incriminar.<\/p>\n\n\n\n<p>Na senten\u00e7a, o juiz observou que os crimes de natureza sexual s\u00e3o comumente praticados sem a presen\u00e7a de qualquer testemunha, sendo a palavra da v\u00edtima preponderante para levar o acusado \u00e0 condena\u00e7\u00e3o. \u201cEm casos como o ora analisado imp\u00f5e-se a maior valora\u00e7\u00e3o da palavra da v\u00edtima, vez que a presen\u00e7a de testemunhas oculares ou presenciais s\u00e3o escassas\u201d, ressaltou.<\/p>\n\n\n\n<p>Dessa decis\u00e3o cabe recurso.<\/p>\n","protected":false},"excerpt":{"rendered":"<p>Um homem foi condenado a oito anos de pris\u00e3o por estupro de vulner\u00e1vel contra uma menina de apenas 11 anos de idade. A decis\u00e3o foi&hellip; <\/p>\n","protected":false},"author":1,"featured_media":111564,"comment_status":"closed","ping_status":"closed","sticky":false,"template":"","format":"standard","meta":{"sfsi_plus_gutenberg_text_before_share":"","sfsi_plus_gutenberg_show_text_before_share":"","sfsi_plus_gutenberg_icon_type":"","sfsi_plus_gutenberg_icon_alignemt":"","sfsi_plus_gutenburg_max_per_row":"","footnotes":""},"categories":[50,12],"tags":[],"class_list":["post-111563","post","type-post","status-publish","format-standard","has-post-thumbnail","hentry","category-destaque","category-policia"],"_links":{"self":[{"href":"https:\/\/www.caririemacao.com\/1\/wp-json\/wp\/v2\/posts\/111563","targetHints":{"allow":["GET"]}}],"collection":[{"href":"https:\/\/www.caririemacao.com\/1\/wp-json\/wp\/v2\/posts"}],"about":[{"href":"https:\/\/www.caririemacao.com\/1\/wp-json\/wp\/v2\/types\/post"}],"author":[{"embeddable":true,"href":"https:\/\/www.caririemacao.com\/1\/wp-json\/wp\/v2\/users\/1"}],"replies":[{"embeddable":true,"href":"https:\/\/www.caririemacao.com\/1\/wp-json\/wp\/v2\/comments?post=111563"}],"version-history":[{"count":1,"href":"https:\/\/www.caririemacao.com\/1\/wp-json\/wp\/v2\/posts\/111563\/revisions"}],"predecessor-version":[{"id":111565,"href":"https:\/\/www.caririemacao.com\/1\/wp-json\/wp\/v2\/posts\/111563\/revisions\/111565"}],"wp:featuredmedia":[{"embeddable":true,"href":"https:\/\/www.caririemacao.com\/1\/wp-json\/wp\/v2\/media\/111564"}],"wp:attachment":[{"href":"https:\/\/www.caririemacao.com\/1\/wp-json\/wp\/v2\/media?parent=111563"}],"wp:term":[{"taxonomy":"category","embeddable":true,"href":"https:\/\/www.caririemacao.com\/1\/wp-json\/wp\/v2\/categories?post=111563"},{"taxonomy":"post_tag","embeddable":true,"href":"https:\/\/www.caririemacao.com\/1\/wp-json\/wp\/v2\/tags?post=111563"}],"curies":[{"name":"wp","href":"https:\/\/api.w.org\/{rel}","templated":true}]}}