{"id":111566,"date":"2019-08-22T15:42:21","date_gmt":"2019-08-22T18:42:21","guid":{"rendered":"http:\/\/www.caririemacao.com\/1\/?p=111566"},"modified":"2019-08-22T15:42:21","modified_gmt":"2019-08-22T18:42:21","slug":"cagepa-comunica-falta-dagua-em-sume-nesta-sexta-feira","status":"publish","type":"post","link":"https:\/\/www.caririemacao.com\/1\/2019\/08\/22\/cagepa-comunica-falta-dagua-em-sume-nesta-sexta-feira\/","title":{"rendered":"Cagepa comunica falta d\u2019\u00e1gua em Sum\u00e9 nesta sexta-feira"},"content":{"rendered":"\n<div class=\"wp-block-image\"><figure class=\"aligncenter\"><a href=\"http:\/\/noticiasemdestaque.com\/cd\/wp-content\/uploads\/2019\/08\/68785897_2074672765972362_4629339124287930368_n.jpg\"><img decoding=\"async\" data-src=\"http:\/\/noticiasemdestaque.com\/cd\/wp-content\/uploads\/2019\/08\/68785897_2074672765972362_4629339124287930368_n.jpg\" alt=\"\" class=\"wp-image-19239 lazyload\" src=\"data:image\/svg+xml;base64,PHN2ZyB3aWR0aD0iMSIgaGVpZ2h0PSIxIiB4bWxucz0iaHR0cDovL3d3dy53My5vcmcvMjAwMC9zdmciPjwvc3ZnPg==\" \/><\/a><\/figure><\/div>\n\n\n\n<p>A Cagepa comunica \u00e0 popula\u00e7\u00e3o da cidade de SUM\u00c9, que vai faltar \u00e1gua amanh\u00e3, sexta-feira, 23.08.2019, a partir das 07h.<\/p>\n\n\n\n<p>Essa interrup\u00e7\u00e3o \u00e9 necess\u00e1ria para que t\u00e9cnicos da CAGEPA fa\u00e7am remanejamento na rede do reservat\u00f3rio elevado da cidade.<\/p>\n\n\n\n<p>A previs\u00e3o de normaliza\u00e7\u00e3o no abastecimento \u00e9 \u00e0s 17h do mesmo dia.<\/p>\n\n\n\n<p>Mais informa\u00e7\u00f5es podem ser obtidas gratuitamente pelo telefone 115.<\/p>\n","protected":false},"excerpt":{"rendered":"<p>A Cagepa comunica \u00e0 popula\u00e7\u00e3o da cidade de SUM\u00c9, que vai faltar \u00e1gua amanh\u00e3, sexta-feira, 23.08.2019, a partir das 07h. Essa interrup\u00e7\u00e3o \u00e9 necess\u00e1ria para&hellip; <\/p>\n","protected":false},"author":1,"featured_media":32664,"comment_status":"closed","ping_status":"closed","sticky":false,"template":"","format":"standard","meta":{"sfsi_plus_gutenberg_text_before_share":"","sfsi_plus_gutenberg_show_text_before_share":"","sfsi_plus_gutenberg_icon_type":"","sfsi_plus_gutenberg_icon_alignemt":"","sfsi_plus_gutenburg_max_per_row":"","footnotes":""},"categories":[50,2],"tags":[],"class_list":["post-111566","post","type-post","status-publish","format-standard","has-post-thumbnail","hentry","category-destaque","category-geral"],"_links":{"self":[{"href":"https:\/\/www.caririemacao.com\/1\/wp-json\/wp\/v2\/posts\/111566","targetHints":{"allow":["GET"]}}],"collection":[{"href":"https:\/\/www.caririemacao.com\/1\/wp-json\/wp\/v2\/posts"}],"about":[{"href":"https:\/\/www.caririemacao.com\/1\/wp-json\/wp\/v2\/types\/post"}],"author":[{"embeddable":true,"href":"https:\/\/www.caririemacao.com\/1\/wp-json\/wp\/v2\/users\/1"}],"replies":[{"embeddable":true,"href":"https:\/\/www.caririemacao.com\/1\/wp-json\/wp\/v2\/comments?post=111566"}],"version-history":[{"count":1,"href":"https:\/\/www.caririemacao.com\/1\/wp-json\/wp\/v2\/posts\/111566\/revisions"}],"predecessor-version":[{"id":111567,"href":"https:\/\/www.caririemacao.com\/1\/wp-json\/wp\/v2\/posts\/111566\/revisions\/111567"}],"wp:featuredmedia":[{"embeddable":true,"href":"https:\/\/www.caririemacao.com\/1\/wp-json\/wp\/v2\/media\/32664"}],"wp:attachment":[{"href":"https:\/\/www.caririemacao.com\/1\/wp-json\/wp\/v2\/media?parent=111566"}],"wp:term":[{"taxonomy":"category","embeddable":true,"href":"https:\/\/www.caririemacao.com\/1\/wp-json\/wp\/v2\/categories?post=111566"},{"taxonomy":"post_tag","embeddable":true,"href":"https:\/\/www.caririemacao.com\/1\/wp-json\/wp\/v2\/tags?post=111566"}],"curies":[{"name":"wp","href":"https:\/\/api.w.org\/{rel}","templated":true}]}}