{"id":111568,"date":"2019-08-22T15:48:24","date_gmt":"2019-08-22T18:48:24","guid":{"rendered":"http:\/\/www.caririemacao.com\/1\/?p=111568"},"modified":"2019-08-22T15:48:24","modified_gmt":"2019-08-22T18:48:24","slug":"atletas-sao-convocados-para-reuniao-sobre-o-campeonato-ruralzao-2019","status":"publish","type":"post","link":"https:\/\/www.caririemacao.com\/1\/2019\/08\/22\/atletas-sao-convocados-para-reuniao-sobre-o-campeonato-ruralzao-2019\/","title":{"rendered":"Atletas s\u00e3o convocados para reuni\u00e3o sobre o Campeonato Ruralz\u00e3o 2019"},"content":{"rendered":"\n<div class=\"wp-block-image\"><figure class=\"alignleft\"><img decoding=\"async\" data-src=\"https:\/\/i2.wp.com\/www.vitrinedocariri.com.br\/wp-content\/uploads\/2018\/09\/Ruralz%C3%A3o_2018.jpeg?zoom=2&amp;resize=330%2C196&amp;ssl=1\" alt=\"\" class=\"wp-image-23263 lazyload\" src=\"data:image\/svg+xml;base64,PHN2ZyB3aWR0aD0iMSIgaGVpZ2h0PSIxIiB4bWxucz0iaHR0cDovL3d3dy53My5vcmcvMjAwMC9zdmciPjwvc3ZnPg==\" \/><\/figure><\/div>\n\n\n\n<p>O secret\u00e1rio de Esportes, Rostand Chaves, re\u00fane na manh\u00e3 deste s\u00e1bado, 20, os dirigentes das equipes de futebol da zona rural de Monteiro interessadas em participar do Campeonato Ruralz\u00e3o, edi\u00e7\u00e3o 2019.<\/p>\n\n\n\n<p>A reuni\u00e3o acontecer\u00e1 no Centro Cultural Alexandre da Silva Brito, \u00e0s 9 horas, quando ser\u00e3o debatidos temas como regulamento, per\u00edodo da competi\u00e7\u00e3o, premia\u00e7\u00e3o e outros assuntos relativos ao campeonato, que dever\u00e1 ter a participa\u00e7\u00e3o de mais 40 equipes, sendo considerada a competi\u00e7\u00e3o com maior participantes de equipes da Para\u00edba, tendo em vista que o n\u00famero de participantes \u00e9 crescente a cada ano.<\/p>\n\n\n\n<p>Segundo Rostand Chaves, a reuni\u00e3o tem o objetivo de ampliar o di\u00e1logo entre a Prefeitura de Monteiro e as equipes participantes, atendendo uma solicita\u00e7\u00e3o do prefeito em exerc\u00edcio, Celecileno Alves.<\/p>\n\n\n\n<p>\u201cMais uma vez vamos realizar o campeonato. Temos a certeza que neste ano a Prefeitura continuar\u00e1 oferecendo todo apoio aos desportistas. Precisamos alinhar todos os pontos, conversar, alinhar e desenvolver o Ruralz\u00e3o para que esta seja ainda maior e mais organizada\u201d, disse Rostand Chaves.<\/p>\n","protected":false},"excerpt":{"rendered":"<p>O secret\u00e1rio de Esportes, Rostand Chaves, re\u00fane na manh\u00e3 deste s\u00e1bado, 20, os dirigentes das equipes de futebol da zona rural de Monteiro interessadas em&hellip; <\/p>\n","protected":false},"author":1,"featured_media":111569,"comment_status":"closed","ping_status":"closed","sticky":false,"template":"","format":"standard","meta":{"sfsi_plus_gutenberg_text_before_share":"","sfsi_plus_gutenberg_show_text_before_share":"","sfsi_plus_gutenberg_icon_type":"","sfsi_plus_gutenberg_icon_alignemt":"","sfsi_plus_gutenburg_max_per_row":"","footnotes":""},"categories":[13],"tags":[],"class_list":["post-111568","post","type-post","status-publish","format-standard","has-post-thumbnail","hentry","category-esportes"],"_links":{"self":[{"href":"https:\/\/www.caririemacao.com\/1\/wp-json\/wp\/v2\/posts\/111568","targetHints":{"allow":["GET"]}}],"collection":[{"href":"https:\/\/www.caririemacao.com\/1\/wp-json\/wp\/v2\/posts"}],"about":[{"href":"https:\/\/www.caririemacao.com\/1\/wp-json\/wp\/v2\/types\/post"}],"author":[{"embeddable":true,"href":"https:\/\/www.caririemacao.com\/1\/wp-json\/wp\/v2\/users\/1"}],"replies":[{"embeddable":true,"href":"https:\/\/www.caririemacao.com\/1\/wp-json\/wp\/v2\/comments?post=111568"}],"version-history":[{"count":1,"href":"https:\/\/www.caririemacao.com\/1\/wp-json\/wp\/v2\/posts\/111568\/revisions"}],"predecessor-version":[{"id":111570,"href":"https:\/\/www.caririemacao.com\/1\/wp-json\/wp\/v2\/posts\/111568\/revisions\/111570"}],"wp:featuredmedia":[{"embeddable":true,"href":"https:\/\/www.caririemacao.com\/1\/wp-json\/wp\/v2\/media\/111569"}],"wp:attachment":[{"href":"https:\/\/www.caririemacao.com\/1\/wp-json\/wp\/v2\/media?parent=111568"}],"wp:term":[{"taxonomy":"category","embeddable":true,"href":"https:\/\/www.caririemacao.com\/1\/wp-json\/wp\/v2\/categories?post=111568"},{"taxonomy":"post_tag","embeddable":true,"href":"https:\/\/www.caririemacao.com\/1\/wp-json\/wp\/v2\/tags?post=111568"}],"curies":[{"name":"wp","href":"https:\/\/api.w.org\/{rel}","templated":true}]}}