{"id":111571,"date":"2019-08-22T15:50:10","date_gmt":"2019-08-22T18:50:10","guid":{"rendered":"http:\/\/www.caririemacao.com\/1\/?p=111571"},"modified":"2019-08-22T15:50:10","modified_gmt":"2019-08-22T18:50:10","slug":"parceria-municipios-de-sume-e-sao-joao-do-tigre-capacitam-profissionais-da-atencao-basica-de-saude","status":"publish","type":"post","link":"https:\/\/www.caririemacao.com\/1\/2019\/08\/22\/parceria-municipios-de-sume-e-sao-joao-do-tigre-capacitam-profissionais-da-atencao-basica-de-saude\/","title":{"rendered":"Parceria: Munic\u00edpios de Sum\u00e9 e S\u00e3o Jo\u00e3o do Tigre capacitam profissionais da aten\u00e7\u00e3o b\u00e1sica de sa\u00fade"},"content":{"rendered":"\n<p>Visando qualificar cada vez mais os profissionais da aten\u00e7\u00e3o b\u00e1sica, a Prefeitura de Sum\u00e9 em parceria com a Prefeitura de S\u00e3o do Tigre promoveu nessa quarta-feira (21), mais uma capacita\u00e7\u00e3o permanente e continuada. O curso Aten\u00e7\u00e3o Integral \u00e0 Crian\u00e7a na Aten\u00e7\u00e3o B\u00e1sica aconteceu no Sal\u00e3o Paroquial da Igreja Cat\u00f3lica de Sum\u00e9 e foi ministrado pela m\u00e9dica e professora da UFPB, dr\u00aa Juliana Soares, integrante da coordena\u00e7\u00e3o da Rede de Cardiologia Pedi\u00e1trica da PB.<\/p>\n\n\n\n<p>O curso abordou o atendimento inicial \u00e0 crian\u00e7a na Aten\u00e7\u00e3o B\u00e1sica, apoio a aleitamento materno, introdu\u00e7\u00e3o alimentar, caderneta da crian\u00e7a, imuniza\u00e7\u00e3o e discuss\u00e3o de casos cl\u00ednicos.<\/p>\n\n\n\n<p>O odont\u00f3logo do munic\u00edpio de Sum\u00e9, Welington Souto disse que esse tipo de capacita\u00e7\u00e3o faz com que o profissional eleve ainda mais o n\u00edvel de atendimento e consequentemente a melhoria na qualidade dos servi\u00e7os oferecidos. \u00c9 o que pensa tamb\u00e9m a enfermeira, Daniela Lopes, da cidade de S\u00e3o Jo\u00e3o do Tigre. Para ela, eventos dessa natureza s\u00e3o de extrema import\u00e2ncia para o aperfei\u00e7oamento profissional e com isso poder melhor servir.<\/p>\n\n\n\n<p>A agente de sa\u00fade de Sum\u00e9, Giselia Alves, avaliou a capacita\u00e7\u00e3o de forma positiva. \u201c\u00c9 muito importante para o profissional ressignificar o seu trabalho e contribuir para reavivar o compromisso de cada um com seu of\u00edcio, possibilitando assim a execu\u00e7\u00e3o de suas demandas na pr\u00e1tica\u201d, afirmou.<\/p>\n\n\n\n<div class=\"wp-block-image\"><figure class=\"alignleft\"><img decoding=\"async\" data-src=\"https:\/\/i2.wp.com\/www.vitrinedocariri.com.br\/wp-content\/uploads\/2019\/08\/Parceria-Munic%C3%ADpios-de-Sum%C3%A9-e-S%C3%A3o-Jo%C3%A3o-do-Tigre-1.jpg?zoom=2&amp;resize=330%2C220&amp;ssl=1\" alt=\"\" class=\"wp-image-51354 lazyload\" src=\"data:image\/svg+xml;base64,PHN2ZyB3aWR0aD0iMSIgaGVpZ2h0PSIxIiB4bWxucz0iaHR0cDovL3d3dy53My5vcmcvMjAwMC9zdmciPjwvc3ZnPg==\" \/><\/figure><\/div>\n\n\n\n<p>A secret\u00e1ria de Sa\u00fade de Sum\u00e9 Alessandra Regina disse que \u00e9 obriga\u00e7\u00e3o da gest\u00e3o municipal capacitar os servidores para atender melhor a popula\u00e7\u00e3o, uma vez que a aten\u00e7\u00e3o b\u00e1sica \u00e9 quem faz os primeiros atendimentos. Para Sandra, sem qualifica\u00e7\u00e3o, n\u00e3o h\u00e1 equipes atuantes, nem estrutura organizada.<\/p>\n\n\n\n<p>A assessora T\u00e9cnica do munic\u00edpio de Sum\u00e9, Niedja Rodrigues de Siqueira, enfatizou que essa a\u00e7\u00e3o s\u00f3 est\u00e1 sendo poss\u00edvel gra\u00e7as ao empenho, a sensibilidade e o compromisso dos gestores, \u00c9den Duarte e C\u00e9lio Barbosa, respectivamente, prefeitos de Sum\u00e9 e S\u00e3o Jo\u00e3o do Tigre, que tiveram essa vis\u00e3o de uni\u00e3o, para que os custos fossem menores, visando atingir um maior n\u00famero de profissionais.<\/p>\n","protected":false},"excerpt":{"rendered":"<p>Visando qualificar cada vez mais os profissionais da aten\u00e7\u00e3o b\u00e1sica, a Prefeitura de Sum\u00e9 em parceria com a Prefeitura de S\u00e3o do Tigre promoveu nessa&hellip; <\/p>\n","protected":false},"author":1,"featured_media":111572,"comment_status":"closed","ping_status":"closed","sticky":false,"template":"","format":"standard","meta":{"sfsi_plus_gutenberg_text_before_share":"","sfsi_plus_gutenberg_show_text_before_share":"","sfsi_plus_gutenberg_icon_type":"","sfsi_plus_gutenberg_icon_alignemt":"","sfsi_plus_gutenburg_max_per_row":"","footnotes":""},"categories":[2],"tags":[],"class_list":["post-111571","post","type-post","status-publish","format-standard","has-post-thumbnail","hentry","category-geral"],"_links":{"self":[{"href":"https:\/\/www.caririemacao.com\/1\/wp-json\/wp\/v2\/posts\/111571","targetHints":{"allow":["GET"]}}],"collection":[{"href":"https:\/\/www.caririemacao.com\/1\/wp-json\/wp\/v2\/posts"}],"about":[{"href":"https:\/\/www.caririemacao.com\/1\/wp-json\/wp\/v2\/types\/post"}],"author":[{"embeddable":true,"href":"https:\/\/www.caririemacao.com\/1\/wp-json\/wp\/v2\/users\/1"}],"replies":[{"embeddable":true,"href":"https:\/\/www.caririemacao.com\/1\/wp-json\/wp\/v2\/comments?post=111571"}],"version-history":[{"count":1,"href":"https:\/\/www.caririemacao.com\/1\/wp-json\/wp\/v2\/posts\/111571\/revisions"}],"predecessor-version":[{"id":111573,"href":"https:\/\/www.caririemacao.com\/1\/wp-json\/wp\/v2\/posts\/111571\/revisions\/111573"}],"wp:featuredmedia":[{"embeddable":true,"href":"https:\/\/www.caririemacao.com\/1\/wp-json\/wp\/v2\/media\/111572"}],"wp:attachment":[{"href":"https:\/\/www.caririemacao.com\/1\/wp-json\/wp\/v2\/media?parent=111571"}],"wp:term":[{"taxonomy":"category","embeddable":true,"href":"https:\/\/www.caririemacao.com\/1\/wp-json\/wp\/v2\/categories?post=111571"},{"taxonomy":"post_tag","embeddable":true,"href":"https:\/\/www.caririemacao.com\/1\/wp-json\/wp\/v2\/tags?post=111571"}],"curies":[{"name":"wp","href":"https:\/\/api.w.org\/{rel}","templated":true}]}}