{"id":111575,"date":"2019-08-22T16:03:36","date_gmt":"2019-08-22T19:03:36","guid":{"rendered":"http:\/\/www.caririemacao.com\/1\/?p=111575"},"modified":"2019-08-22T16:03:36","modified_gmt":"2019-08-22T19:03:36","slug":"camara-aprova-projeto-que-regulamenta-a-vaquejada","status":"publish","type":"post","link":"https:\/\/www.caririemacao.com\/1\/2019\/08\/22\/camara-aprova-projeto-que-regulamenta-a-vaquejada\/","title":{"rendered":"C\u00e2mara aprova projeto que regulamenta a vaquejada"},"content":{"rendered":"\n<figure class=\"wp-block-image\"><img decoding=\"async\" data-src=\"http:\/\/www.blogdodidi.com.br\/wp-content\/uploads\/2019\/08\/DSC04181.jpg\" alt=\"\" class=\"wp-image-92519 lazyload\" src=\"data:image\/svg+xml;base64,PHN2ZyB3aWR0aD0iMSIgaGVpZ2h0PSIxIiB4bWxucz0iaHR0cDovL3d3dy53My5vcmcvMjAwMC9zdmciPjwvc3ZnPg==\" \/><\/figure>\n\n\n\n<p>O plen\u00e1rio da C\u00e2mara dos Deputados concluiu na noite dessa ter\u00e7a-feira (20) a vota\u00e7\u00e3o do projeto de lei que regulamenta as pr\u00e1ticas da vaquejada, do rodeio e do la\u00e7o no Brasil (PL 8240\/17), ap\u00f3s rejei\u00e7\u00e3o de tr\u00eas destaques do PT ao texto. A proposta vai \u00e0 san\u00e7\u00e3o presidencial.<\/p>\n\n\n\n<p>O projeto \u00e9 resultado da Emenda Constitucional 96 que, entre outros pontos, reconhece a vaquejada como bem de natureza imaterial integrante do patrim\u00f4nio cultural brasileiro. A emenda determinou a regulamenta\u00e7\u00e3o da pr\u00e1tica por uma lei espec\u00edfica, que assegure o bem-estar dos animais envolvidos.<\/p>\n\n\n\n<p>De acordo com o texto aprovado, ficam reconhecidos o rodeio, a vaquejada e o la\u00e7o como express\u00f5es esportivas e culturais pertencentes ao patrim\u00f4nio cultural brasileiro de natureza imaterial.<\/p>\n\n\n\n<p>A proposta aprovada define as modalidades que passam a ser reconhecidas como esportivas, equestres e tradicionais. Na lista est\u00e3o, entre outras, o adestramento, o concurso completo de equita\u00e7\u00e3o, o enduro, o hipismo rural, as provas de la\u00e7o e velocidade, a cavalgada, a cavalhada, o concurso de marcha, a corrida, as provas de rodeio e o polo equestre.<\/p>\n\n\n\n<p>Em rela\u00e7\u00e3o ao bem-estar dos animais, deve-se, em rela\u00e7\u00e3o \u00e0 vaquejada, assegurar \u00e1gua e alimenta\u00e7\u00e3o suficiente sempre \u00e0 disposi\u00e7\u00e3o, assim como um local apropriado para o descanso. Tamb\u00e9m ser\u00e1 necess\u00e1rio prevenir ferimentos e doen\u00e7as por meio de instala\u00e7\u00f5es, ferramentas e utens\u00edlios adequados, al\u00e9m da presta\u00e7\u00e3o de assist\u00eancia veterin\u00e1ria.<\/p>\n\n\n\n<p><strong>Posse de arma em propriedade rural<\/strong><br>O plen\u00e1rio da C\u00e2mara tamb\u00e9m aprovou na noite dessa ter\u00e7a-feira, por 331 votos a 55, requerimento de urg\u00eancia para o projeto de Lei 3715\/19 do Senado, que autoriza a posse de arma no limite de toda a propriedade rural. Atualmente, a posse \u00e9 limitada \u00e0 casa e n\u00e3o \u00e0 propriedade. O projeto est\u00e1 na pauta da sess\u00e3o do plen\u00e1rio desta quarta-feira (21).<\/p>\n","protected":false},"excerpt":{"rendered":"<p>O plen\u00e1rio da C\u00e2mara dos Deputados concluiu na noite dessa ter\u00e7a-feira (20) a vota\u00e7\u00e3o do projeto de lei que regulamenta as pr\u00e1ticas da vaquejada, do&hellip; <\/p>\n","protected":false},"author":1,"featured_media":111576,"comment_status":"closed","ping_status":"closed","sticky":false,"template":"","format":"standard","meta":{"sfsi_plus_gutenberg_text_before_share":"","sfsi_plus_gutenberg_show_text_before_share":"","sfsi_plus_gutenberg_icon_type":"","sfsi_plus_gutenberg_icon_alignemt":"","sfsi_plus_gutenburg_max_per_row":"","footnotes":""},"categories":[2],"tags":[],"class_list":["post-111575","post","type-post","status-publish","format-standard","has-post-thumbnail","hentry","category-geral"],"_links":{"self":[{"href":"https:\/\/www.caririemacao.com\/1\/wp-json\/wp\/v2\/posts\/111575","targetHints":{"allow":["GET"]}}],"collection":[{"href":"https:\/\/www.caririemacao.com\/1\/wp-json\/wp\/v2\/posts"}],"about":[{"href":"https:\/\/www.caririemacao.com\/1\/wp-json\/wp\/v2\/types\/post"}],"author":[{"embeddable":true,"href":"https:\/\/www.caririemacao.com\/1\/wp-json\/wp\/v2\/users\/1"}],"replies":[{"embeddable":true,"href":"https:\/\/www.caririemacao.com\/1\/wp-json\/wp\/v2\/comments?post=111575"}],"version-history":[{"count":1,"href":"https:\/\/www.caririemacao.com\/1\/wp-json\/wp\/v2\/posts\/111575\/revisions"}],"predecessor-version":[{"id":111577,"href":"https:\/\/www.caririemacao.com\/1\/wp-json\/wp\/v2\/posts\/111575\/revisions\/111577"}],"wp:featuredmedia":[{"embeddable":true,"href":"https:\/\/www.caririemacao.com\/1\/wp-json\/wp\/v2\/media\/111576"}],"wp:attachment":[{"href":"https:\/\/www.caririemacao.com\/1\/wp-json\/wp\/v2\/media?parent=111575"}],"wp:term":[{"taxonomy":"category","embeddable":true,"href":"https:\/\/www.caririemacao.com\/1\/wp-json\/wp\/v2\/categories?post=111575"},{"taxonomy":"post_tag","embeddable":true,"href":"https:\/\/www.caririemacao.com\/1\/wp-json\/wp\/v2\/tags?post=111575"}],"curies":[{"name":"wp","href":"https:\/\/api.w.org\/{rel}","templated":true}]}}