{"id":111579,"date":"2019-08-22T18:12:53","date_gmt":"2019-08-22T21:12:53","guid":{"rendered":"http:\/\/www.caririemacao.com\/1\/?p=111579"},"modified":"2019-08-22T18:12:53","modified_gmt":"2019-08-22T21:12:53","slug":"pb-recebe-mais-de-r233-mil-para-saude-de-presos","status":"publish","type":"post","link":"https:\/\/www.caririemacao.com\/1\/2019\/08\/22\/pb-recebe-mais-de-r233-mil-para-saude-de-presos\/","title":{"rendered":"PB recebe mais de R$233 mil para sa\u00fade de presos"},"content":{"rendered":"\n<p>A Para\u00edba recebe, neste ano, mais de R$ 233 mil em recursos para financiamento de assist\u00eancia farmac\u00eautica destinados ao sistema prisional, conforme relat\u00f3rio divulgado pelo Minist\u00e9rio da Sa\u00fade, na \u00faltima quarta-feira (21). O recurso \u00e9 garantido por meio da Portaria GM\/MS n\u00b0 2.765, de 12 de dezembro de 2014, que prev\u00ea o financiamento e a execu\u00e7\u00e3o do Componente B\u00e1sico da Assist\u00eancia Farmac\u00eautica, considerando as particularidades do sistema prisional. O repasse financeiro \u00e9 realizado em parcela \u00fanica e corresponde ao valor de R$ 17,73 por pessoa privada de liberdade no sistema prisional. A Para\u00edba recebeu o total de R$ 233.273,61, j\u00e1 que possui mais de 13 mil presos. M<\/p>\n","protected":false},"excerpt":{"rendered":"<p>A Para\u00edba recebe, neste ano, mais de R$ 233 mil em recursos para financiamento de assist\u00eancia farmac\u00eautica destinados ao sistema prisional, conforme relat\u00f3rio divulgado pelo&hellip; <\/p>\n","protected":false},"author":1,"featured_media":111580,"comment_status":"closed","ping_status":"closed","sticky":false,"template":"","format":"standard","meta":{"sfsi_plus_gutenberg_text_before_share":"","sfsi_plus_gutenberg_show_text_before_share":"","sfsi_plus_gutenberg_icon_type":"","sfsi_plus_gutenberg_icon_alignemt":"","sfsi_plus_gutenburg_max_per_row":"","footnotes":""},"categories":[11],"tags":[],"class_list":["post-111579","post","type-post","status-publish","format-standard","has-post-thumbnail","hentry","category-politica"],"_links":{"self":[{"href":"https:\/\/www.caririemacao.com\/1\/wp-json\/wp\/v2\/posts\/111579","targetHints":{"allow":["GET"]}}],"collection":[{"href":"https:\/\/www.caririemacao.com\/1\/wp-json\/wp\/v2\/posts"}],"about":[{"href":"https:\/\/www.caririemacao.com\/1\/wp-json\/wp\/v2\/types\/post"}],"author":[{"embeddable":true,"href":"https:\/\/www.caririemacao.com\/1\/wp-json\/wp\/v2\/users\/1"}],"replies":[{"embeddable":true,"href":"https:\/\/www.caririemacao.com\/1\/wp-json\/wp\/v2\/comments?post=111579"}],"version-history":[{"count":1,"href":"https:\/\/www.caririemacao.com\/1\/wp-json\/wp\/v2\/posts\/111579\/revisions"}],"predecessor-version":[{"id":111581,"href":"https:\/\/www.caririemacao.com\/1\/wp-json\/wp\/v2\/posts\/111579\/revisions\/111581"}],"wp:featuredmedia":[{"embeddable":true,"href":"https:\/\/www.caririemacao.com\/1\/wp-json\/wp\/v2\/media\/111580"}],"wp:attachment":[{"href":"https:\/\/www.caririemacao.com\/1\/wp-json\/wp\/v2\/media?parent=111579"}],"wp:term":[{"taxonomy":"category","embeddable":true,"href":"https:\/\/www.caririemacao.com\/1\/wp-json\/wp\/v2\/categories?post=111579"},{"taxonomy":"post_tag","embeddable":true,"href":"https:\/\/www.caririemacao.com\/1\/wp-json\/wp\/v2\/tags?post=111579"}],"curies":[{"name":"wp","href":"https:\/\/api.w.org\/{rel}","templated":true}]}}