{"id":111588,"date":"2019-08-23T08:09:04","date_gmt":"2019-08-23T11:09:04","guid":{"rendered":"http:\/\/www.caririemacao.com\/1\/?p=111588"},"modified":"2019-08-23T08:09:04","modified_gmt":"2019-08-23T11:09:04","slug":"vacinacao-contra-sarampo-comeca-nesta-sexta-na-paraiba","status":"publish","type":"post","link":"https:\/\/www.caririemacao.com\/1\/2019\/08\/23\/vacinacao-contra-sarampo-comeca-nesta-sexta-na-paraiba\/","title":{"rendered":"Vacina\u00e7\u00e3o contra sarampo come\u00e7a nesta sexta na Para\u00edba"},"content":{"rendered":"\n<p>A\u00a0vacina\u00e7\u00e3o contra o sarampo come\u00e7a, nesta sexta-feira (23), na Para\u00edba.\u00a0A \u201cdose zero\u201d, uma esp\u00e9cie de \u201cdose extra\u201d para crian\u00e7as de 6 a 11 meses, \u00e9 uma estrat\u00e9gia para conter a transmiss\u00e3o do v\u00edrus da doen\u00e7a, que j\u00e1 registrou mais de 1,6 mil casos em todo o pa\u00eds.<\/p>\n\n\n\n<p>As informa\u00e7\u00f5es s\u00e3o da&nbsp;Secretaria de Estado da Sa\u00fade (SES).<\/p>\n\n\n\n<p>O secret\u00e1rio Geraldo Medeiros afirmou que, embora a Para\u00edba n\u00e3o tenha registrado casos confirmados da doen\u00e7a, a medida foi adotada devido \u00e0 proximidade com Pernambuco &#8211; que j\u00e1 confirmou quatro casos e investiga uma morte.<\/p>\n\n\n\n<p>A Tr\u00edplice Viral, que protege contra sarampo, rub\u00e9ola e caxumba, faz parte do calend\u00e1rio permanente de vacina\u00e7\u00e3o e \u00e9 disponibilizada em todas as unidades de sa\u00fade, para a popula\u00e7\u00e3o de 1 a 49 anos, conforme a SES. O secret\u00e1rio afirmou que o estado ainda n\u00e3o recebeu as doses extras encaminhadas pelo Minist\u00e9rio da Sa\u00fade, no entanto, ressaltou que os munic\u00edpios est\u00e3o abastecidos.<\/p>\n\n\n\n<p>Segundo a coordenadora estadual de imuniza\u00e7\u00f5es, Isiane Queiroga, a meta \u00e9 que 70% das cidades paraibanas tenha cobertura vacinal de 95% em crian\u00e7as de um ano, por\u00e9m at\u00e9 esta quinta-feira (22), esse percentual \u00e9 de 51%. Ou seja, dos 223 munic\u00edpios, 115 atingiram a meta.<\/p>\n\n\n\n<p>Os munic\u00edpios foram orientados pela Secretaria a intensificar a vacina\u00e7\u00e3o em pessoas de 12 meses at\u00e9 49 anos, conforme a situa\u00e7\u00e3o vacinal; vacinar todas as crian\u00e7as de 6 meses a 11 meses e 29 dias com dose \u201c zero\u201d; e realizar a\u00e7\u00e3o de bloqueio vacinal at\u00e9 72 horas ap\u00f3s a identifica\u00e7\u00e3o de caso suspeito.<\/p>\n","protected":false},"excerpt":{"rendered":"<p>A\u00a0vacina\u00e7\u00e3o contra o sarampo come\u00e7a, nesta sexta-feira (23), na Para\u00edba.\u00a0A \u201cdose zero\u201d, uma esp\u00e9cie de \u201cdose extra\u201d para crian\u00e7as de 6 a 11 meses, \u00e9&hellip; <\/p>\n","protected":false},"author":1,"featured_media":102690,"comment_status":"closed","ping_status":"closed","sticky":false,"template":"","format":"standard","meta":{"sfsi_plus_gutenberg_text_before_share":"","sfsi_plus_gutenberg_show_text_before_share":"","sfsi_plus_gutenberg_icon_type":"","sfsi_plus_gutenberg_icon_alignemt":"","sfsi_plus_gutenburg_max_per_row":"","footnotes":""},"categories":[6],"tags":[],"class_list":["post-111588","post","type-post","status-publish","format-standard","has-post-thumbnail","hentry","category-cidades"],"_links":{"self":[{"href":"https:\/\/www.caririemacao.com\/1\/wp-json\/wp\/v2\/posts\/111588","targetHints":{"allow":["GET"]}}],"collection":[{"href":"https:\/\/www.caririemacao.com\/1\/wp-json\/wp\/v2\/posts"}],"about":[{"href":"https:\/\/www.caririemacao.com\/1\/wp-json\/wp\/v2\/types\/post"}],"author":[{"embeddable":true,"href":"https:\/\/www.caririemacao.com\/1\/wp-json\/wp\/v2\/users\/1"}],"replies":[{"embeddable":true,"href":"https:\/\/www.caririemacao.com\/1\/wp-json\/wp\/v2\/comments?post=111588"}],"version-history":[{"count":1,"href":"https:\/\/www.caririemacao.com\/1\/wp-json\/wp\/v2\/posts\/111588\/revisions"}],"predecessor-version":[{"id":111589,"href":"https:\/\/www.caririemacao.com\/1\/wp-json\/wp\/v2\/posts\/111588\/revisions\/111589"}],"wp:featuredmedia":[{"embeddable":true,"href":"https:\/\/www.caririemacao.com\/1\/wp-json\/wp\/v2\/media\/102690"}],"wp:attachment":[{"href":"https:\/\/www.caririemacao.com\/1\/wp-json\/wp\/v2\/media?parent=111588"}],"wp:term":[{"taxonomy":"category","embeddable":true,"href":"https:\/\/www.caririemacao.com\/1\/wp-json\/wp\/v2\/categories?post=111588"},{"taxonomy":"post_tag","embeddable":true,"href":"https:\/\/www.caririemacao.com\/1\/wp-json\/wp\/v2\/tags?post=111588"}],"curies":[{"name":"wp","href":"https:\/\/api.w.org\/{rel}","templated":true}]}}