{"id":111597,"date":"2019-08-23T08:15:59","date_gmt":"2019-08-23T11:15:59","guid":{"rendered":"http:\/\/www.caririemacao.com\/1\/?p=111597"},"modified":"2019-08-23T08:15:59","modified_gmt":"2019-08-23T11:15:59","slug":"bolsonaro-acusa-macron-de-colonialismo-apos-sugestao-de-tratar-de-amazonia-no-g7","status":"publish","type":"post","link":"https:\/\/www.caririemacao.com\/1\/2019\/08\/23\/bolsonaro-acusa-macron-de-colonialismo-apos-sugestao-de-tratar-de-amazonia-no-g7\/","title":{"rendered":"Bolsonaro acusa Macron de colonialismo ap\u00f3s sugest\u00e3o de tratar de Amaz\u00f4nia no G7"},"content":{"rendered":"\n<p>O presidente Jair Bolsonaro (PSL) reagiu \u00e0s cr\u00edticas do presidente da Fran\u00e7a, Emmanuel Macron, e afirmou que a proposta do l\u00edder europeu de discutir a onda de queimadas na Amaz\u00f4nia na C\u00fapula do G7 \u2013f\u00f3rum do qual o Brasil n\u00e3o participa\u2013 &#8220;evoca mentalidade colonialista descabida no s\u00e9culo 21&#8221;.<\/p>\n\n\n\n<p>&#8220;Lamento que o presidente Macron busque instrumentalizar uma quest\u00e3o interna do Brasil e de outros pa\u00edses amaz\u00f4nicos para ganhos pol\u00edticos pessoais. O tom sensacionalista com que se refere \u00e0 Amaz\u00f4nia (apelando at\u00e9 para fotos falsas) n\u00e3o contribui em nada para a solu\u00e7\u00e3o do problema&#8221;, escreveu Bolsonaro em sua conta no Twitter, pouco depois de protagonizar uma live nas redes sociais sobre o assunto.<\/p>\n\n\n\n<p>O Brasil enfrenta forte press\u00e3o internacional em raz\u00e3o do aumento dos \u00edndices de desmatamento e, mais recentemente, das queimadas na regi\u00e3o amaz\u00f4nica.&nbsp;<\/p>\n\n\n\n<p>Emmanuel Macron tomou a dianteira da rea\u00e7\u00e3o internacional nesta quinta-feira e, referindo-se \u00e0 Amaz\u00f4nia, disse que &#8220;nossa casa est\u00e1 queimando&#8221;.&nbsp;&nbsp;<\/p>\n\n\n\n<p>&#8220;A floresta amaz\u00f4nica \u2013os pulm\u00f5es que produzem 20% do oxig\u00eanio do nosso planeta\u2013 est\u00e1 em chamas. Trata-se de uma crise internacional. Membros da C\u00fapula do G7 [que ocorre a partir do dia 24 na Fran\u00e7a], vamos discutir essa emerg\u00eancia daqui a dois dias&#8221;, escreveu o franc\u00eas em rede social.&nbsp;<\/p>\n\n\n\n<p>Na sua live semanal nas redes, Bolsonaro criticou o teor da mensagem de Macron, embora n\u00e3o tenha se referido diretamente ao mandat\u00e1rio europeu. Ele classificou como &#8220;desfa\u00e7atez&#8221; um pa\u00eds estrangeiro falar em &#8220;nossa&#8221; Amaz\u00f4nia e sugeriu que h\u00e1 interesses de outras na\u00e7\u00f5es em aumentar sua influ\u00eancia sobre o territ\u00f3rio brasileiro.&nbsp;<\/p>\n\n\n\n<p>&#8220;Eu fico indignado de ver gente fazendo uma campanha contra o seu pr\u00f3prio pa\u00eds sem saber o que est\u00e1 acontecendo. Voc\u00eas acham que outros pa\u00edses que nos atacam dessa forma \u2013um pa\u00eds que eu n\u00e3o vou falar o nome aqui teve a desfa\u00e7atez de falar &#8216;a nossa Amaz\u00f4nia&#8217;\u2013 est\u00e3o interessados em voc\u00ea brasileiro ou est\u00e3o interessados em um dia ter um espa\u00e7o na Amaz\u00f4nia para eles?&#8221;, disse Bolsonaro na live.&nbsp;<\/p>\n\n\n\n<p>Bolsonaro disse ainda que pa\u00edses que enviam dinheiro para financiar projetos de preserva\u00e7\u00e3o ambiental no Brasil n\u00e3o fazem isso &#8220;por caridade&#8221;.&nbsp;<\/p>\n\n\n\n<p>Ele argumentou que h\u00e1 interesses em &#8220;atingir a soberania&#8221; do Brasil no caso e sugeriu que o objetivo final desse movimento de prejudicar a imagem do pa\u00eds pode ser uma &#8220;interven\u00e7\u00e3o na Amaz\u00f4nia&#8221;.&nbsp;<\/p>\n\n\n\n<p>O presidente alegou que os inc\u00eandios t\u00eam &#8220;vi\u00e9s criminoso&#8221; e que n\u00e3o sabe quem est\u00e1 por tr\u00e1s das queimadas, podendo ser fazendeiros, ONGs e \u00edndios. No entanto, ele n\u00e3o apresentou provas que embasem essas acusa\u00e7\u00f5es.&nbsp;<\/p>\n\n\n\n<p>Em outro momento da live, ele disse que &#8220;h\u00e1 suspeitas&#8221; de que produtores rurais est\u00e3o aproveitando para &#8220;tocar fogo&#8221;.&nbsp;<\/p>\n\n\n\n<p>Por \u00faltimo, o presidente disse que o governo est\u00e1 buscando informa\u00e7\u00f5es sobre a origem dos inc\u00eandios. Ele reconheceu ainda que o desmatamento tem crescido, mas disse que n\u00e3o \u00e9 f\u00e1cil combater o problema em raz\u00e3o das dimens\u00f5es da regi\u00e3o amaz\u00f4nica e da escassez de recursos do Brasil.&nbsp;<\/p>\n","protected":false},"excerpt":{"rendered":"<p>O presidente Jair Bolsonaro (PSL) reagiu \u00e0s cr\u00edticas do presidente da Fran\u00e7a, Emmanuel Macron, e afirmou que a proposta do l\u00edder europeu de discutir a&hellip; <\/p>\n","protected":false},"author":1,"featured_media":110902,"comment_status":"closed","ping_status":"closed","sticky":false,"template":"","format":"standard","meta":{"sfsi_plus_gutenberg_text_before_share":"","sfsi_plus_gutenberg_show_text_before_share":"","sfsi_plus_gutenberg_icon_type":"","sfsi_plus_gutenberg_icon_alignemt":"","sfsi_plus_gutenburg_max_per_row":"","footnotes":""},"categories":[11],"tags":[],"class_list":["post-111597","post","type-post","status-publish","format-standard","has-post-thumbnail","hentry","category-politica"],"_links":{"self":[{"href":"https:\/\/www.caririemacao.com\/1\/wp-json\/wp\/v2\/posts\/111597","targetHints":{"allow":["GET"]}}],"collection":[{"href":"https:\/\/www.caririemacao.com\/1\/wp-json\/wp\/v2\/posts"}],"about":[{"href":"https:\/\/www.caririemacao.com\/1\/wp-json\/wp\/v2\/types\/post"}],"author":[{"embeddable":true,"href":"https:\/\/www.caririemacao.com\/1\/wp-json\/wp\/v2\/users\/1"}],"replies":[{"embeddable":true,"href":"https:\/\/www.caririemacao.com\/1\/wp-json\/wp\/v2\/comments?post=111597"}],"version-history":[{"count":1,"href":"https:\/\/www.caririemacao.com\/1\/wp-json\/wp\/v2\/posts\/111597\/revisions"}],"predecessor-version":[{"id":111598,"href":"https:\/\/www.caririemacao.com\/1\/wp-json\/wp\/v2\/posts\/111597\/revisions\/111598"}],"wp:featuredmedia":[{"embeddable":true,"href":"https:\/\/www.caririemacao.com\/1\/wp-json\/wp\/v2\/media\/110902"}],"wp:attachment":[{"href":"https:\/\/www.caririemacao.com\/1\/wp-json\/wp\/v2\/media?parent=111597"}],"wp:term":[{"taxonomy":"category","embeddable":true,"href":"https:\/\/www.caririemacao.com\/1\/wp-json\/wp\/v2\/categories?post=111597"},{"taxonomy":"post_tag","embeddable":true,"href":"https:\/\/www.caririemacao.com\/1\/wp-json\/wp\/v2\/tags?post=111597"}],"curies":[{"name":"wp","href":"https:\/\/api.w.org\/{rel}","templated":true}]}}