{"id":111603,"date":"2019-08-23T08:30:22","date_gmt":"2019-08-23T11:30:22","guid":{"rendered":"http:\/\/www.caririemacao.com\/1\/?p=111603"},"modified":"2019-08-23T08:30:22","modified_gmt":"2019-08-23T11:30:22","slug":"paises-usam-incendios-para-tentar-prejudicar-o-brasil-diz-bolsonaro","status":"publish","type":"post","link":"https:\/\/www.caririemacao.com\/1\/2019\/08\/23\/paises-usam-incendios-para-tentar-prejudicar-o-brasil-diz-bolsonaro\/","title":{"rendered":"Pa\u00edses usam inc\u00eandios para tentar prejudicar o Brasil, diz Bolsonaro"},"content":{"rendered":"\n<p>Os inc\u00eandios florestais na regi\u00e3o amaz\u00f4nica podem ser usados para prejudicar o setor do agrone\u00f3cio do Brasil, disse&nbsp;hoje&nbsp;(22) o presidente Jair Bolsonaro, durante&nbsp;<em>live<\/em>&nbsp;semanal no Facebook. Ele destacou que o governo trabalha para mitigar o problema e pediu que as pessoas ajudem a denunciar pr\u00e1ticas criminosas na \u00e1rea.<\/p>\n\n\n\n<p>&#8220;Alguns pa\u00edses aproveitam o momento para potencializar as cr\u00edticas contra o Brasil&nbsp;para prejudicar o agroneg\u00f3cio, nossa economia, recolocar o Brasil numa posi\u00e7\u00e3o subalterna&#8221;, afirmou. O presidente criticou manifesta\u00e7\u00f5es estrangeiras sobre o assunto. &#8220;Um pa\u00eds agora, sem dizer o nome aqui, falou da &#8216;nossa Amaz\u00f4nia&#8217;, teve a desfa\u00e7atez de falar &#8216;a nossa Amaz\u00f4nia&#8217;, est\u00e1 interessado em um dia&nbsp;ter&nbsp;um espa\u00e7o aqui na nossa Amaz\u00f4nia para ele&#8221;, disse.<\/p>\n\n\n\n<figure class=\"wp-block-image\"><img decoding=\"async\" data-src=\"http:\/\/imagens.ebc.com.br\/gq6o_3jzHclJKcXy6OSLZ255BTY=\/365x0\/smart\/http:\/\/agenciabrasil.ebc.com.br\/sites\/default\/files\/thumbnails\/image\/live_bolsonaro_22.08.2019.jpg?itok=qvVEs4L9\" alt=\"Live_bolsonaro_22.08.2019\" src=\"data:image\/svg+xml;base64,PHN2ZyB3aWR0aD0iMSIgaGVpZ2h0PSIxIiB4bWxucz0iaHR0cDovL3d3dy53My5vcmcvMjAwMC9zdmciPjwvc3ZnPg==\" class=\"lazyload\" \/><\/figure>\n\n\n\n<p>Live semanal do presidente Jair Bolsonaro &#8211;&nbsp;<strong>Reprodu\u00e7\u00e3o\/Redes sociais<\/strong><\/p>\n\n\n\n<p>Minutos ap\u00f3s terminar a&nbsp;<em>live<\/em>, Bolsonaro mencionou,&nbsp;pelo Twitter, postagem do presidente franc\u00eas, Emmanuel Macron, sobre as queimadas na Amaz\u00f4nia. Segundo Bolsonaro, Macron postou uma foto desatualizada de queimada na regi\u00e3o. &#8220;Lamento que o presidente Macron busque instrumentalizar uma quest\u00e3o interna do Brasil e de outros pa\u00edses amaz\u00f4nicos para ganhos pol\u00edticos pessoais. O tom sensacionalista com que se refere \u00e0 Amaz\u00f4nia (apelando at\u00e9 p\/ fotos falsas) n\u00e3o contribui em nada para a solu\u00e7\u00e3o do problema. O Governo brasileiro segue aberto ao di\u00e1logo, com base em dados objetivos e no respeito m\u00fatuo. A sugest\u00e3o do presidente franc\u00eas, de que assuntos amaz\u00f4nicos sejam discutidos no G7 sem a participa\u00e7\u00e3o dos pa\u00edses da regi\u00e3o, evoca mentalidade colonialista descabida no s\u00e9culo XXI&#8221;, escreveu o presidente brasileiro.<\/p>\n\n\n\n<figure class=\"wp-block-image\"><a href=\"https:\/\/twitter.com\/jairbolsonaro\"><img decoding=\"async\" data-src=\"https:\/\/pbs.twimg.com\/profile_images\/1057631480459886595\/9VPdGJJz_bigger.jpg\" alt=\"\" src=\"data:image\/svg+xml;base64,PHN2ZyB3aWR0aD0iMSIgaGVpZ2h0PSIxIiB4bWxucz0iaHR0cDovL3d3dy53My5vcmcvMjAwMC9zdmciPjwvc3ZnPg==\" class=\"lazyload\" \/><\/a><\/figure>\n\n\n\n<p><a href=\"https:\/\/twitter.com\/jairbolsonaro\"><strong>Jair M. Bolsonaro<\/strong><strong>&#x2714;<\/strong>@jairbolsonaro<\/a>&nbsp;\u00b7&nbsp;<a href=\"https:\/\/twitter.com\/jairbolsonaro\/status\/1164667765799694345\">12<abbr title=\" horas\">h<\/abbr><\/a><a href=\"https:\/\/twitter.com\/jairbolsonaro\/status\/1164667765799694345\"><\/a><\/p>\n\n\n\n<p>&#8211; Lamento que o presidente Macron busque instrumentalizar uma quest\u00e3o interna do Brasil e de outros pa\u00edses amaz\u00f4nicos p\/ ganhos pol\u00edticos pessoais. O tom sensacionalista com que se refere \u00e0 Amaz\u00f4nia (apelando at\u00e9 p\/ fotos falsas) n\u00e3o contribui em nada para a solu\u00e7\u00e3o do problema.<\/p>\n\n\n\n<figure class=\"wp-block-image\"><a href=\"https:\/\/twitter.com\/jairbolsonaro\"><img decoding=\"async\" data-src=\"https:\/\/pbs.twimg.com\/profile_images\/1057631480459886595\/9VPdGJJz_bigger.jpg\" alt=\"\" src=\"data:image\/svg+xml;base64,PHN2ZyB3aWR0aD0iMSIgaGVpZ2h0PSIxIiB4bWxucz0iaHR0cDovL3d3dy53My5vcmcvMjAwMC9zdmciPjwvc3ZnPg==\" class=\"lazyload\" \/><\/a><\/figure>\n\n\n\n<p><a href=\"https:\/\/twitter.com\/jairbolsonaro\"><strong>Jair M. Bolsonaro<\/strong><strong>&#x2714;<\/strong>@jairbolsonaro<\/a><\/p>\n\n\n\n<p>&#8211; O Governo brasileiro segue aberto ao di\u00e1logo, com base em dados objetivos e no respeito m\u00fatuo. A sugest\u00e3o do presidente franc\u00eas, de que assuntos amaz\u00f4nicos sejam discutidos no G7 sem a participa\u00e7\u00e3o dos pa\u00edses da regi\u00e3o, evoca mentalidade colonialista descabida no s\u00e9culo XXI.<a href=\"https:\/\/twitter.com\/intent\/like?tweet_id=1164667767242596354\">51,5\u00a0mil<\/a><a href=\"https:\/\/twitter.com\/jairbolsonaro\/status\/1164667767242596354\">19:36 &#8211; 22 de ago de 2019<\/a><a href=\"https:\/\/support.twitter.com\/articles\/20175256\">Informa\u00e7\u00f5es e privacidade no Twitter Ads<\/a><a href=\"https:\/\/twitter.com\/jairbolsonaro\/status\/1164667767242596354\">17,6\u00a0mil pessoas est\u00e3o falando sobre isso<\/a><\/p>\n\n\n\n<p>Na publica\u00e7\u00e3o no Twitter, o presidente da Fran\u00e7a&nbsp;classificou os inc\u00eandios na Amaz\u00f4nia de&nbsp;&#8220;crise internacional&#8221; e pediu que os l\u00edderes do G7 tratem urgentemente do tema.&nbsp;&#8220;Nossa casa est\u00e1 queimando. Literalmente. A floresta amaz\u00f4nica, pulm\u00e3o que produz 20% do oxig\u00eanio do nosso planeta, est\u00e1 em chamas. Isso \u00e9 uma crise internacional. Membros do G7, vamos discutir essa emerg\u00eancia de primeira ordem em dois dias&#8221;, tuitou.<\/p>\n\n\n\n<p>O pr\u00f3ximo encontro do G7, que re\u00fane os presidentes de EUA, Reino Unido, Fran\u00e7a, Alemanha, It\u00e1lia, Canad\u00e1 e Jap\u00e3o, ser\u00e1 realizado neste fim de semana, em Biarritz.<\/p>\n\n\n\n<h2 class=\"wp-block-heading\">Queimadas criminosas<\/h2>\n\n\n\n<p>Durante a&nbsp;<em>live<\/em>, o presidente brasileiro admitiu que tem havido inc\u00eandios criminosos e que, segundo ele, isso pode significar uma tentativa de afetar a soberania brasileira sobre a Amaz\u00f4nia. Ele comparou os inc\u00eandios no Brasil a outros que acontecem anualmente em regi\u00f5es como a Calif\u00f3rnia, nos Estados Unidos.<\/p>\n\n\n\n<p>&#8220;Aqui tem o vi\u00e9s criminoso? Tem. Sei que tem. Quem que pratica isso? N\u00e3o sei. Os pr\u00f3prios fazendeiros, ONGs, \u00edndios, seja l\u00e1 o que for. Ent\u00e3o, existe esse interesse em cada vez mais dizer que n\u00f3s n\u00e3o somos respons\u00e1veis e quem sabe, mais cedo ou mais tarde, algu\u00e9m decrete uma interven\u00e7\u00e3o na regi\u00e3o amaz\u00f4nica e n\u00f3s vamos ficar chupando o dedo aqui no Brasil&#8221;, disse.<\/p>\n\n\n\n<p>Bolsonaro tamb\u00e9m criticou parte da imprensa na cobertura sobre o assunto. Ele refor\u00e7ou que o problemas decorrentes dos inc\u00eandios podem prejudicar a todos no pa\u00eds. &#8220;Nossa economia est\u00e1 escorada nas&nbsp;<em>commodities<\/em>. Se o mundo resolver nos retaliar, e a economia nossa bagun\u00e7ar, todo mundo, inclusive voc\u00eas, rep\u00f3rteres, vai sofrer as consequ\u00eancias.&#8221;<\/p>\n\n\n\n<p>Por fim, o presidente fez um apelo aos fazendeiros da regi\u00e3o que estejam ateando fogo em \u00e1reas florestais. &#8220;H\u00e1 suspeita que tem produtor rural que est\u00e1 agora aproveitando e tacando fogo geral a\u00ed. As consequ\u00eancias v\u00eam para todo mundo. Se voc\u00eas querem ampliar a \u00e1reas de produ\u00e7\u00e3o, tudo bem, mas n\u00e3o \u00e9 dessa forma que a gente vai conseguir atingir nosso objetivo.&#8221;<\/p>\n\n\n\n<p>Bolsonaro ainda revelou&nbsp;ter&nbsp;recebido oferta de aeronaves para combater os inc\u00eandios por parte do presidente do Chile, Seb\u00e1stian Pi\u00f1era, e do Equador, Len\u00edn Moreno.<\/p>\n\n\n\n<p><a href=\"https:\/\/twitter.com\/jairbolsonaro\/status\/1164667767242596354\"><br><\/a><\/p>\n","protected":false},"excerpt":{"rendered":"<p>Os inc\u00eandios florestais na regi\u00e3o amaz\u00f4nica podem ser usados para prejudicar o setor do agrone\u00f3cio do Brasil, disse&nbsp;hoje&nbsp;(22) o presidente Jair Bolsonaro, durante&nbsp;live&nbsp;semanal no Facebook.&hellip; <\/p>\n","protected":false},"author":1,"featured_media":109939,"comment_status":"closed","ping_status":"closed","sticky":false,"template":"","format":"standard","meta":{"sfsi_plus_gutenberg_text_before_share":"","sfsi_plus_gutenberg_show_text_before_share":"","sfsi_plus_gutenberg_icon_type":"","sfsi_plus_gutenberg_icon_alignemt":"","sfsi_plus_gutenburg_max_per_row":"","footnotes":""},"categories":[11],"tags":[],"class_list":["post-111603","post","type-post","status-publish","format-standard","has-post-thumbnail","hentry","category-politica"],"_links":{"self":[{"href":"https:\/\/www.caririemacao.com\/1\/wp-json\/wp\/v2\/posts\/111603","targetHints":{"allow":["GET"]}}],"collection":[{"href":"https:\/\/www.caririemacao.com\/1\/wp-json\/wp\/v2\/posts"}],"about":[{"href":"https:\/\/www.caririemacao.com\/1\/wp-json\/wp\/v2\/types\/post"}],"author":[{"embeddable":true,"href":"https:\/\/www.caririemacao.com\/1\/wp-json\/wp\/v2\/users\/1"}],"replies":[{"embeddable":true,"href":"https:\/\/www.caririemacao.com\/1\/wp-json\/wp\/v2\/comments?post=111603"}],"version-history":[{"count":1,"href":"https:\/\/www.caririemacao.com\/1\/wp-json\/wp\/v2\/posts\/111603\/revisions"}],"predecessor-version":[{"id":111604,"href":"https:\/\/www.caririemacao.com\/1\/wp-json\/wp\/v2\/posts\/111603\/revisions\/111604"}],"wp:featuredmedia":[{"embeddable":true,"href":"https:\/\/www.caririemacao.com\/1\/wp-json\/wp\/v2\/media\/109939"}],"wp:attachment":[{"href":"https:\/\/www.caririemacao.com\/1\/wp-json\/wp\/v2\/media?parent=111603"}],"wp:term":[{"taxonomy":"category","embeddable":true,"href":"https:\/\/www.caririemacao.com\/1\/wp-json\/wp\/v2\/categories?post=111603"},{"taxonomy":"post_tag","embeddable":true,"href":"https:\/\/www.caririemacao.com\/1\/wp-json\/wp\/v2\/tags?post=111603"}],"curies":[{"name":"wp","href":"https:\/\/api.w.org\/{rel}","templated":true}]}}