{"id":111607,"date":"2019-08-23T08:36:33","date_gmt":"2019-08-23T11:36:33","guid":{"rendered":"http:\/\/www.caririemacao.com\/1\/?p=111607"},"modified":"2019-08-23T08:36:33","modified_gmt":"2019-08-23T11:36:33","slug":"comissao-geral-vai-debater-acoes-para-a-amazonia-diz-maia","status":"publish","type":"post","link":"https:\/\/www.caririemacao.com\/1\/2019\/08\/23\/comissao-geral-vai-debater-acoes-para-a-amazonia-diz-maia\/","title":{"rendered":"Comiss\u00e3o geral vai debater a\u00e7\u00f5es para a Amaz\u00f4nia, diz Maia"},"content":{"rendered":"\n<p><br>O presidente da C\u00e2mara dos Deputados, o deputado federal Rodrigo Maia, disse hoje (22), em S\u00e3o Paulo, que o Brasil precisa mostrar que vai enfrentar o desafio do desmatamento e das queimadas na Amaz\u00f4nia. \u201cO problema das queimadas mina a imagem do nosso pa\u00eds. Precisamos mostrar que n\u00f3s vamos enfrentar esse desafio\u201d, disse.<\/p>\n\n\n\n<p>\u201cO mais importante \u00e9 preservar nossa floresta, nosso meio ambiente e punir aqueles que insistem em degradar a nossa floresta. Temos que dar uma solu\u00e7\u00e3o para que o Brasil n\u00e3o sofra san\u00e7\u00f5es, inclusive na pr\u00f3pria comercializa\u00e7\u00e3o dos nossos produtos do agroneg\u00f3cio.\u201d<\/p>\n\n\n\n<p>Maia participou hoje do evento Congresso Brasil Competitivo &#8211; Pilares da Competitividade, promovido pelo Movimento Brasil Competitivo e que aconteceu no Hotel Unique, na capital paulista.<\/p>\n\n\n\n<p>Mais tarde, aos jornalistas, ele disse que tem se reunido com representantes do setor de agroneg\u00f3cio e com a bancada ruralista para tentar achar uma solu\u00e7\u00e3o para o problema na Amaz\u00f4nia.<\/p>\n\n\n\n<p>\u201cN\u00e3o \u00e9 interesse dos nossos produtores desmatar e de gerar esse tipo de desconfian\u00e7a com rela\u00e7\u00e3o ao nosso pa\u00eds. Vamos fazer uma comiss\u00e3o geral para debater solu\u00e7\u00f5es que cabem ao Parlamento porque n\u00f3s queremos ajudar\u201d, disse. \u201cO Parlamento brasileiro, em nenhum momento, pretende aprovar leis que flexibilizem a preserva\u00e7\u00e3o de um patrim\u00f4nio que talvez seja o mais importante que o Brasil tem, que \u00e9 o meio ambiente.\u201d<\/p>\n\n\n\n<p>Tamb\u00e9m presente ao evento, o governador do Amazonas, Wilson Lima, disse que a quest\u00e3o do desmatamento tem preocupado o governo do estado. Para os jornalistas, ap\u00f3s palestrar no evento, o governador disse que o desmatamento cresceu na Amaz\u00f4nia em rela\u00e7\u00e3o ao ano passado.<\/p>\n\n\n\n<p>Entre as medidas para combater o desmatamento, disse ele, est\u00e3o a amplia\u00e7\u00e3o do trabalho de fiscaliza\u00e7\u00e3o e a cria\u00e7\u00e3o de uma for\u00e7a-tarefa que inclui \u00f3rg\u00e3os como o Ibama, a pol\u00edcia ambiental e outros \u00f3rg\u00e3os para \u201cidentificar essas pessoas que est\u00e3o fazendo essas queimadas, de forma ilegal\u201d. Segundo ele, essas pessoas j\u00e1 est\u00e3o sendo notificadas. \u201cE elas v\u00e3o ser punidas. E inclusive, em algumas dessas notifica\u00e7\u00f5es, com pris\u00e3o prevista\u201d, falou.<\/p>\n\n\n\n<p>Lima disse que o governo do Amazonas tem feito sua parte. \u201cMantemos, permanentemente, um grupo de preven\u00e7\u00e3o e de combate \u00e0s queimadas e aos inc\u00eandios.\u201d. Para isso, ele montou dois centros multifuncionais. O segundo deles ser\u00e1 inaugurado neste final de semana.<\/p>\n","protected":false},"excerpt":{"rendered":"<p>O presidente da C\u00e2mara dos Deputados, o deputado federal Rodrigo Maia, disse hoje (22), em S\u00e3o Paulo, que o Brasil precisa mostrar que vai enfrentar&hellip; <\/p>\n","protected":false},"author":1,"featured_media":104607,"comment_status":"closed","ping_status":"closed","sticky":false,"template":"","format":"standard","meta":{"sfsi_plus_gutenberg_text_before_share":"","sfsi_plus_gutenberg_show_text_before_share":"","sfsi_plus_gutenberg_icon_type":"","sfsi_plus_gutenberg_icon_alignemt":"","sfsi_plus_gutenburg_max_per_row":"","footnotes":""},"categories":[11],"tags":[],"class_list":["post-111607","post","type-post","status-publish","format-standard","has-post-thumbnail","hentry","category-politica"],"_links":{"self":[{"href":"https:\/\/www.caririemacao.com\/1\/wp-json\/wp\/v2\/posts\/111607","targetHints":{"allow":["GET"]}}],"collection":[{"href":"https:\/\/www.caririemacao.com\/1\/wp-json\/wp\/v2\/posts"}],"about":[{"href":"https:\/\/www.caririemacao.com\/1\/wp-json\/wp\/v2\/types\/post"}],"author":[{"embeddable":true,"href":"https:\/\/www.caririemacao.com\/1\/wp-json\/wp\/v2\/users\/1"}],"replies":[{"embeddable":true,"href":"https:\/\/www.caririemacao.com\/1\/wp-json\/wp\/v2\/comments?post=111607"}],"version-history":[{"count":1,"href":"https:\/\/www.caririemacao.com\/1\/wp-json\/wp\/v2\/posts\/111607\/revisions"}],"predecessor-version":[{"id":111608,"href":"https:\/\/www.caririemacao.com\/1\/wp-json\/wp\/v2\/posts\/111607\/revisions\/111608"}],"wp:featuredmedia":[{"embeddable":true,"href":"https:\/\/www.caririemacao.com\/1\/wp-json\/wp\/v2\/media\/104607"}],"wp:attachment":[{"href":"https:\/\/www.caririemacao.com\/1\/wp-json\/wp\/v2\/media?parent=111607"}],"wp:term":[{"taxonomy":"category","embeddable":true,"href":"https:\/\/www.caririemacao.com\/1\/wp-json\/wp\/v2\/categories?post=111607"},{"taxonomy":"post_tag","embeddable":true,"href":"https:\/\/www.caririemacao.com\/1\/wp-json\/wp\/v2\/tags?post=111607"}],"curies":[{"name":"wp","href":"https:\/\/api.w.org\/{rel}","templated":true}]}}