{"id":111619,"date":"2019-08-23T08:44:37","date_gmt":"2019-08-23T11:44:37","guid":{"rendered":"http:\/\/www.caririemacao.com\/1\/?p=111619"},"modified":"2019-08-23T08:44:37","modified_gmt":"2019-08-23T11:44:37","slug":"brasil-busca-medalhas-ineditas-no-parataekondo","status":"publish","type":"post","link":"https:\/\/www.caririemacao.com\/1\/2019\/08\/23\/brasil-busca-medalhas-ineditas-no-parataekondo\/","title":{"rendered":"Brasil busca medalhas in\u00e9ditas no Parataekondo"},"content":{"rendered":"\n<p>Uma das modalidades que estreiam no programa dos Jogos Parapan-Americanos de Lima, que come\u00e7am nesta&nbsp;sexta-feira&nbsp;(23), \u00e9 o parataekwondo. Os oito atletas da sele\u00e7\u00e3o brasileira fizeram intensa prepara\u00e7\u00e3o e esperam conquistar, al\u00e9m de medalhas, maior divulga\u00e7\u00e3o do esporte.<\/p>\n\n\n\n<p>Essa \u00e9 a expectativa de Nathan Torquato, revela\u00e7\u00e3o da equipe: &#8220;O Parapan tem uma import\u00e2ncia muito grande, pois \u00e9 uma competi\u00e7\u00e3o que n\u00e3o envolve apenas o taekwondo, mas todos os esportes. Os jogos t\u00eam visibilidade muito grande tanto para o comit\u00ea quanto para toda a sele\u00e7\u00e3o&#8221;.<\/p>\n\n\n\n<p>O t\u00e9cnico da sele\u00e7\u00e3o brasileira, Alan Nascimento, afirma que essa visibilidade nos jogos vai atrair novos atletas e elevar o n\u00edvel t\u00e9cnico da modalidade: &#8220;Temos certeza de que&nbsp;ter\u00e1 maior procura de atletas pelo parataekwondo, ou migra\u00e7\u00e3o de outra modalidade para esta. Acreditamos que depois do Parapan&nbsp;teremos&nbsp;grande retorno\u201d.<\/p>\n\n\n\n<p>Os atletas t\u00eam pela frente os melhores do mundo, o que \u00e9 um grande desafio, mesmo quando se considera que a equipe brasileira est\u00e1 entre as tr\u00eas melhores da Am\u00e9rica.<\/p>\n\n\n\n<h2 class=\"wp-block-heading\"><strong>Regras da modalidade<\/strong><\/h2>\n\n\n\n<p>Competem no parataekwondo atletas com amputa\u00e7\u00f5es nos membros superiores. Eles s\u00e3o divididos por peso e classes funcionais (K-41, K-42, K43). Cada disputa \u00e9 dividida em tr\u00eas&nbsp;<em>rounds<\/em>&nbsp;de dois minutos, com a possibilidade de um&nbsp;<em>round<\/em>&nbsp;extra, chamado de&nbsp;<em>golden score<\/em>.<\/p>\n\n\n\n<p>Na luta s\u00e3o v\u00e1lidos apenas chutes no tronco, que recebem pontua\u00e7\u00f5es diferentes, dependendo se forem diretos, rodados ou girat\u00f3rios. Socos t\u00eam pontua\u00e7\u00e3o nula. Golpes na cabe\u00e7a s\u00e3o proibidos e geram puni\u00e7\u00e3o, diferentemente do que acontece no taekwondo convencional.<br>&nbsp;<\/p>\n\n\n\n<p>Assista tamb\u00e9m no programa&nbsp;<em>Stadium<\/em>, da&nbsp;<strong>TV Brasil:<\/strong><\/p>\n\n\n\n<figure><iframe allowfullscreen=\"\" data-src=\"https:\/\/www.youtube.com\/embed\/97AXiHkEH_s\" src=\"data:image\/svg+xml;base64,PHN2ZyB3aWR0aD0iMSIgaGVpZ2h0PSIxIiB4bWxucz0iaHR0cDovL3d3dy53My5vcmcvMjAwMC9zdmciPjwvc3ZnPg==\" class=\"lazyload\" data-load-mode=\"1\"><\/iframe><\/figure>\n\n\n\n<p><em>*Estagi\u00e1rios sob a supervis\u00e3o de F\u00e1bio Lisboa<\/em><\/p>\n","protected":false},"excerpt":{"rendered":"<p>Uma das modalidades que estreiam no programa dos Jogos Parapan-Americanos de Lima, que come\u00e7am nesta&nbsp;sexta-feira&nbsp;(23), \u00e9 o parataekwondo. Os oito atletas da sele\u00e7\u00e3o brasileira fizeram&hellip; <\/p>\n","protected":false},"author":1,"featured_media":810,"comment_status":"closed","ping_status":"closed","sticky":false,"template":"","format":"standard","meta":{"sfsi_plus_gutenberg_text_before_share":"","sfsi_plus_gutenberg_show_text_before_share":"","sfsi_plus_gutenberg_icon_type":"","sfsi_plus_gutenberg_icon_alignemt":"","sfsi_plus_gutenburg_max_per_row":"","footnotes":""},"categories":[13],"tags":[],"class_list":["post-111619","post","type-post","status-publish","format-standard","has-post-thumbnail","hentry","category-esportes"],"_links":{"self":[{"href":"https:\/\/www.caririemacao.com\/1\/wp-json\/wp\/v2\/posts\/111619","targetHints":{"allow":["GET"]}}],"collection":[{"href":"https:\/\/www.caririemacao.com\/1\/wp-json\/wp\/v2\/posts"}],"about":[{"href":"https:\/\/www.caririemacao.com\/1\/wp-json\/wp\/v2\/types\/post"}],"author":[{"embeddable":true,"href":"https:\/\/www.caririemacao.com\/1\/wp-json\/wp\/v2\/users\/1"}],"replies":[{"embeddable":true,"href":"https:\/\/www.caririemacao.com\/1\/wp-json\/wp\/v2\/comments?post=111619"}],"version-history":[{"count":1,"href":"https:\/\/www.caririemacao.com\/1\/wp-json\/wp\/v2\/posts\/111619\/revisions"}],"predecessor-version":[{"id":111620,"href":"https:\/\/www.caririemacao.com\/1\/wp-json\/wp\/v2\/posts\/111619\/revisions\/111620"}],"wp:featuredmedia":[{"embeddable":true,"href":"https:\/\/www.caririemacao.com\/1\/wp-json\/wp\/v2\/media\/810"}],"wp:attachment":[{"href":"https:\/\/www.caririemacao.com\/1\/wp-json\/wp\/v2\/media?parent=111619"}],"wp:term":[{"taxonomy":"category","embeddable":true,"href":"https:\/\/www.caririemacao.com\/1\/wp-json\/wp\/v2\/categories?post=111619"},{"taxonomy":"post_tag","embeddable":true,"href":"https:\/\/www.caririemacao.com\/1\/wp-json\/wp\/v2\/tags?post=111619"}],"curies":[{"name":"wp","href":"https:\/\/api.w.org\/{rel}","templated":true}]}}