{"id":111631,"date":"2019-08-23T08:56:17","date_gmt":"2019-08-23T11:56:17","guid":{"rendered":"http:\/\/www.caririemacao.com\/1\/?p=111631"},"modified":"2019-08-23T08:56:17","modified_gmt":"2019-08-23T11:56:17","slug":"ricardo-coutinho-visita-monteiro-nesta-sexta-e-confirma-participacao-de-fernando-haddad-na-mobilizacao-da-transposicao","status":"publish","type":"post","link":"https:\/\/www.caririemacao.com\/1\/2019\/08\/23\/ricardo-coutinho-visita-monteiro-nesta-sexta-e-confirma-participacao-de-fernando-haddad-na-mobilizacao-da-transposicao\/","title":{"rendered":"Ricardo Coutinho visita Monteiro nesta sexta e confirma participa\u00e7\u00e3o de Fernando Haddad na mobiliza\u00e7\u00e3o da transposi\u00e7\u00e3o"},"content":{"rendered":"\n<p>O ex-governador da Para\u00edba, Ricardo Coutinho (PSB), esteve concedendo nesta quinta-feira(22) uma entrevista ao programa jornal da tarde da R\u00e1dio Serra Branca FM para falar sobre os preparativos da mobiliza\u00e7\u00e3o SOS da Transposi\u00e7\u00e3o, que acontece no pr\u00f3ximo domingo (1\u00b0 de setembro), na cidade de Monteiro, no Cariri paraibano.<\/p>\n\n\n\n<p>Na oportunidade, o ex-governador confirmou a presen\u00e7a de v\u00e1rias lideran\u00e7as nacionais, governadores, prefeitos, parlamentares, movimentos sociais, e dentre eles, a do ex-candidato a presid\u00eancia nas elei\u00e7\u00f5es de 2018, Fernando Haddad (PT), al\u00e9m da presidente nacional do Partido dos Trabalhadores (PT), Gleisi Hoffmann.<\/p>\n\n\n\n<p>Ricardo tamb\u00e9m confirmou vinda \u00e0 Monteiro j\u00e1 nesta sexta-feira(23), onde estar\u00e1 realizando uma entrevista coletiva a partir d\u00e1s 15h, na C\u00e2mara Municipal de Monteiro, para &nbsp;tratar sobre a mobiliza\u00e7\u00e3o do ato.<\/p>\n\n\n\n<p>Ap\u00f3s a coletiva, ser\u00e1 realizada na pr\u00f3pria C\u00e2mara Municipal de Monteiro, uma plen\u00e1ria com prefeitos, lideran\u00e7as pol\u00edticas e representantes dos movimentos sociais do estado para organiza\u00e7\u00e3o da mobiliza\u00e7\u00e3o.<\/p>\n","protected":false},"excerpt":{"rendered":"<p>O ex-governador da Para\u00edba, Ricardo Coutinho (PSB), esteve concedendo nesta quinta-feira(22) uma entrevista ao programa jornal da tarde da R\u00e1dio Serra Branca FM para falar&hellip; <\/p>\n","protected":false},"author":1,"featured_media":111632,"comment_status":"closed","ping_status":"closed","sticky":false,"template":"","format":"standard","meta":{"sfsi_plus_gutenberg_text_before_share":"","sfsi_plus_gutenberg_show_text_before_share":"","sfsi_plus_gutenberg_icon_type":"","sfsi_plus_gutenberg_icon_alignemt":"","sfsi_plus_gutenburg_max_per_row":"","footnotes":""},"categories":[50,11],"tags":[],"class_list":["post-111631","post","type-post","status-publish","format-standard","has-post-thumbnail","hentry","category-destaque","category-politica"],"_links":{"self":[{"href":"https:\/\/www.caririemacao.com\/1\/wp-json\/wp\/v2\/posts\/111631","targetHints":{"allow":["GET"]}}],"collection":[{"href":"https:\/\/www.caririemacao.com\/1\/wp-json\/wp\/v2\/posts"}],"about":[{"href":"https:\/\/www.caririemacao.com\/1\/wp-json\/wp\/v2\/types\/post"}],"author":[{"embeddable":true,"href":"https:\/\/www.caririemacao.com\/1\/wp-json\/wp\/v2\/users\/1"}],"replies":[{"embeddable":true,"href":"https:\/\/www.caririemacao.com\/1\/wp-json\/wp\/v2\/comments?post=111631"}],"version-history":[{"count":1,"href":"https:\/\/www.caririemacao.com\/1\/wp-json\/wp\/v2\/posts\/111631\/revisions"}],"predecessor-version":[{"id":111633,"href":"https:\/\/www.caririemacao.com\/1\/wp-json\/wp\/v2\/posts\/111631\/revisions\/111633"}],"wp:featuredmedia":[{"embeddable":true,"href":"https:\/\/www.caririemacao.com\/1\/wp-json\/wp\/v2\/media\/111632"}],"wp:attachment":[{"href":"https:\/\/www.caririemacao.com\/1\/wp-json\/wp\/v2\/media?parent=111631"}],"wp:term":[{"taxonomy":"category","embeddable":true,"href":"https:\/\/www.caririemacao.com\/1\/wp-json\/wp\/v2\/categories?post=111631"},{"taxonomy":"post_tag","embeddable":true,"href":"https:\/\/www.caririemacao.com\/1\/wp-json\/wp\/v2\/tags?post=111631"}],"curies":[{"name":"wp","href":"https:\/\/api.w.org\/{rel}","templated":true}]}}