{"id":111658,"date":"2019-08-23T09:13:27","date_gmt":"2019-08-23T12:13:27","guid":{"rendered":"http:\/\/www.caririemacao.com\/1\/?p=111658"},"modified":"2019-08-23T09:13:27","modified_gmt":"2019-08-23T12:13:27","slug":"feira-de-profissoes-da-usp-esta-aberta-a-visitacao-ate-sabado","status":"publish","type":"post","link":"https:\/\/www.caririemacao.com\/1\/2019\/08\/23\/feira-de-profissoes-da-usp-esta-aberta-a-visitacao-ate-sabado\/","title":{"rendered":"Feira de profiss\u00f5es da USP est\u00e1 aberta \u00e0 visita\u00e7\u00e3o at\u00e9 s\u00e1bado"},"content":{"rendered":"\n<p>A 13\u00aa edi\u00e7\u00e3o da Feira USP e as Profiss\u00f5es ocorre de 22 a 24 de agosto na capital paulista. Instalada no Parque de Ci\u00eancia e Tecnologia da USP (Parque CienTec), a feira \u00e9 destinada a estudantes do ensino m\u00e9dio e de cursos preparat\u00f3rios para o vestibular, com participa\u00e7\u00e3o gratuita.<\/p>\n\n\n\n<p>A feira re\u00fane unidades de ensino e pesquisa da Universidade de S\u00e3o Paulo (USP), distribu\u00eddos em estandes com alunos e professores da universidade que esclarecem as d\u00favidas dos estudantes que visitam o local sobre os cursos oferecidos, as carreiras e profiss\u00f5es, a forma\u00e7\u00e3o acad\u00eamica, a grade de disciplinas, os conte\u00fados program\u00e1ticos e as especializa\u00e7\u00f5es.<\/p>\n\n\n\n<p>\u201cEste evento \u00e9 grandioso n\u00e3o s\u00f3 pelo seu tamanho e por envolver todas as unidades da universidade, mas tamb\u00e9m por aproximar a USP da popula\u00e7\u00e3o, falando de perto com dezenas de milhares de jovens e suas fam\u00edlias, abrindo as portas da USP para adolescentes que est\u00e3o planejando seu futuro\u201d, disse a professora Maria Aparecida de Andrade Moreira Machado, pr\u00f3-reitora de cultura e extens\u00e3o universit\u00e1ria da USP.<\/p>\n\n\n\n<p>Com o objetivo de ajudar os estudantes na escolha da profiss\u00e3o, o Instituto de Psicologia da USP est\u00e1 oferecendo oficinas, como de orienta\u00e7\u00e3o vocacional, que atende 25 estudantes por sess\u00e3o. Nos dois \u00faltimos anos, o estande vocacional foi um dos mais procurados pelos visitantes.<\/p>\n\n\n\n<p>\u201cTemos um p\u00fablico crescente&nbsp;[na feira] tanto na capital como no interior, mostrando a demanda que existe por esse tipo de informa\u00e7\u00e3o de carreiras e possibilidades acad\u00eamicas. Al\u00e9m disso, as feiras democratizam o acesso \u00e0 universidade p\u00fablica e gratuita ao mostrar para todos como podem ter acesso a uma das melhores universidades do mundo\u201d, acrescentou.<\/p>\n\n\n\n<p>Segundo anu\u00e1rio da USP, s\u00e3o oferecidos 321 cursos de gradua\u00e7\u00e3o na capital e no interior do estado, al\u00e9m de 368 programas de mestrado e 333 de doutorado, com 58.957 alunos matriculados na gradua\u00e7\u00e3o e 30.202 na p\u00f3s-gradua\u00e7\u00e3o, divididos em 14.360 no mestrado e 15.842 no doutorado.<\/p>\n\n\n\n<p>A feira tamb\u00e9m \u00e9 uma oportunidade para que os jovens busquem informa\u00e7\u00f5es sobre o vestibular, os programas de apoio \u00e0 perman\u00eancia estudantil \u2013 moradia e alimenta\u00e7\u00e3o \u2013 e o mercado de trabalho.<\/p>\n\n\n\n<p>A 13\u00aa Feira USP e as Profiss\u00f5es vai at\u00e9 24 de agosto, com visita\u00e7\u00e3o das 9h \u00e0s 17h, no Parque de Ci\u00eancia e Tecnologia da USP (Parque CienTec). O endere\u00e7o \u00e9 Avenida Miguel St\u00e9fano, 4.200, \u00c1gua Funda (em frente ao Zool\u00f3gico de S\u00e3o Paulo). A entrada \u00e9 gratuita. A organiza\u00e7\u00e3o sugere que o visitante fa\u00e7a inscri\u00e7\u00e3o pr\u00e9via no&nbsp;<a href=\"http:\/\/www.prceu.usp.br\/uspprofissoes\" target=\"_blank\" rel=\"noreferrer noopener\">site do evento<\/a>&nbsp;apenas para controle de fluxo.<\/p>\n","protected":false},"excerpt":{"rendered":"<p>A 13\u00aa edi\u00e7\u00e3o da Feira USP e as Profiss\u00f5es ocorre de 22 a 24 de agosto na capital paulista. Instalada no Parque de Ci\u00eancia e&hellip; <\/p>\n","protected":false},"author":1,"featured_media":105957,"comment_status":"closed","ping_status":"closed","sticky":false,"template":"","format":"standard","meta":{"sfsi_plus_gutenberg_text_before_share":"","sfsi_plus_gutenberg_show_text_before_share":"","sfsi_plus_gutenberg_icon_type":"","sfsi_plus_gutenberg_icon_alignemt":"","sfsi_plus_gutenburg_max_per_row":"","footnotes":""},"categories":[2],"tags":[],"class_list":["post-111658","post","type-post","status-publish","format-standard","has-post-thumbnail","hentry","category-geral"],"_links":{"self":[{"href":"https:\/\/www.caririemacao.com\/1\/wp-json\/wp\/v2\/posts\/111658","targetHints":{"allow":["GET"]}}],"collection":[{"href":"https:\/\/www.caririemacao.com\/1\/wp-json\/wp\/v2\/posts"}],"about":[{"href":"https:\/\/www.caririemacao.com\/1\/wp-json\/wp\/v2\/types\/post"}],"author":[{"embeddable":true,"href":"https:\/\/www.caririemacao.com\/1\/wp-json\/wp\/v2\/users\/1"}],"replies":[{"embeddable":true,"href":"https:\/\/www.caririemacao.com\/1\/wp-json\/wp\/v2\/comments?post=111658"}],"version-history":[{"count":1,"href":"https:\/\/www.caririemacao.com\/1\/wp-json\/wp\/v2\/posts\/111658\/revisions"}],"predecessor-version":[{"id":111660,"href":"https:\/\/www.caririemacao.com\/1\/wp-json\/wp\/v2\/posts\/111658\/revisions\/111660"}],"wp:featuredmedia":[{"embeddable":true,"href":"https:\/\/www.caririemacao.com\/1\/wp-json\/wp\/v2\/media\/105957"}],"wp:attachment":[{"href":"https:\/\/www.caririemacao.com\/1\/wp-json\/wp\/v2\/media?parent=111658"}],"wp:term":[{"taxonomy":"category","embeddable":true,"href":"https:\/\/www.caririemacao.com\/1\/wp-json\/wp\/v2\/categories?post=111658"},{"taxonomy":"post_tag","embeddable":true,"href":"https:\/\/www.caririemacao.com\/1\/wp-json\/wp\/v2\/tags?post=111658"}],"curies":[{"name":"wp","href":"https:\/\/api.w.org\/{rel}","templated":true}]}}