{"id":111659,"date":"2019-08-23T09:38:25","date_gmt":"2019-08-23T12:38:25","guid":{"rendered":"http:\/\/www.caririemacao.com\/1\/?p=111659"},"modified":"2019-08-23T09:38:25","modified_gmt":"2019-08-23T12:38:25","slug":"2a-semana-da-saude-e-realizada-em-barreiras-de-caraubas-pb","status":"publish","type":"post","link":"https:\/\/www.caririemacao.com\/1\/2019\/08\/23\/2a-semana-da-saude-e-realizada-em-barreiras-de-caraubas-pb\/","title":{"rendered":"2\u00aa Semana da Sa\u00fade \u00e9 realizada em Barreiras de Cara\u00fabas &#8211; PB"},"content":{"rendered":"\n<p>A Prefeitura de Cara\u00fabas, no Cariri Paraibano, por meio da Secretaria Municipal de Sa\u00fade, promoveu a 2\u00aa edi\u00e7\u00e3o da Semana da Sa\u00fade no distrito de Barreiras, localizado h\u00e1 cerca de 20 km da sede do munic\u00edpio.<\/p>\n\n\n\n<figure class=\"wp-block-image\"><img fetchpriority=\"high\" decoding=\"async\" width=\"1024\" height=\"683\" src=\"http:\/\/www.caririemacao.com\/1\/wp-content\/uploads\/2019\/08\/camera-2-pra\u00e7aDSC_0029-1024x683.jpg\" alt=\"\" class=\"wp-image-111705\" srcset=\"https:\/\/www.caririemacao.com\/1\/wp-content\/uploads\/2019\/08\/camera-2-pra\u00e7aDSC_0029-1024x683.jpg 1024w, https:\/\/www.caririemacao.com\/1\/wp-content\/uploads\/2019\/08\/camera-2-pra\u00e7aDSC_0029-300x200.jpg 300w, https:\/\/www.caririemacao.com\/1\/wp-content\/uploads\/2019\/08\/camera-2-pra\u00e7aDSC_0029-768x512.jpg 768w\" sizes=\"(max-width: 1024px) 100vw, 1024px\" \/><\/figure>\n\n\n\n<p>Os moradores do distrito, que est\u00e1 em clima de festa devido a programa\u00e7\u00e3o da padroeira Nossa Senhora do Desterro, tiveram diversos atendimentos de sa\u00fade e assist\u00eancia social, como vacina\u00e7\u00e3o, sa\u00fade bucal, fisioterapia, exames, consulta m\u00e9dica e psicol\u00f3gica, emiss\u00e3o de documentos, atrav\u00e9s de parceria com o Governo Estadual, caf\u00e9 da manh\u00e3, e v\u00e1rios outros servi\u00e7os que foram oferecidos de forma gratuita a popula\u00e7\u00e3o do Distrito.<\/p>\n\n\n\n<p>Durante a programa\u00e7\u00e3o, os vereadores Nero e Neide, ao lado do prefeito Silvano Dudu, estiveram acompanhando toda o projeto.<\/p>\n\n\n\n<figure class=\"wp-block-image\"><img decoding=\"async\" width=\"1024\" height=\"576\" data-src=\"http:\/\/www.caririemacao.com\/1\/wp-content\/uploads\/2019\/08\/Sem-t\u00edtulo-1024x576.jpg\" alt=\"\" class=\"wp-image-111706 lazyload\" data-srcset=\"https:\/\/www.caririemacao.com\/1\/wp-content\/uploads\/2019\/08\/Sem-t\u00edtulo-1024x576.jpg 1024w, https:\/\/www.caririemacao.com\/1\/wp-content\/uploads\/2019\/08\/Sem-t\u00edtulo-300x169.jpg 300w, https:\/\/www.caririemacao.com\/1\/wp-content\/uploads\/2019\/08\/Sem-t\u00edtulo-768x432.jpg 768w, https:\/\/www.caririemacao.com\/1\/wp-content\/uploads\/2019\/08\/Sem-t\u00edtulo.jpg 1366w\" data-sizes=\"(max-width: 1024px) 100vw, 1024px\" src=\"data:image\/svg+xml;base64,PHN2ZyB3aWR0aD0iMSIgaGVpZ2h0PSIxIiB4bWxucz0iaHR0cDovL3d3dy53My5vcmcvMjAwMC9zdmciPjwvc3ZnPg==\" style=\"--smush-placeholder-width: 1024px; --smush-placeholder-aspect-ratio: 1024\/576;\" \/><\/figure>\n\n\n\n<p>O prefeito Silvano disse que estava satisfeito em oferecer estes servi\u00e7os \u00e0 popula\u00e7\u00e3o e aproveitou para convidar as pessoas para participar da festa que acontece nesta sexta-feira (23) e s\u00e1bado na comunidade, realizada pela Prefeitura Municipal. <\/p>\n\n\n\n<figure class=\"wp-block-image\"><img decoding=\"async\" width=\"960\" height=\"640\" data-src=\"http:\/\/www.caririemacao.com\/1\/wp-content\/uploads\/2019\/08\/69021587_1629061607229856_6672694855019266048_n.jpg\" alt=\"\" class=\"wp-image-111704 lazyload\" data-srcset=\"https:\/\/www.caririemacao.com\/1\/wp-content\/uploads\/2019\/08\/69021587_1629061607229856_6672694855019266048_n.jpg 960w, https:\/\/www.caririemacao.com\/1\/wp-content\/uploads\/2019\/08\/69021587_1629061607229856_6672694855019266048_n-300x200.jpg 300w, https:\/\/www.caririemacao.com\/1\/wp-content\/uploads\/2019\/08\/69021587_1629061607229856_6672694855019266048_n-768x512.jpg 768w\" data-sizes=\"(max-width: 960px) 100vw, 960px\" src=\"data:image\/svg+xml;base64,PHN2ZyB3aWR0aD0iMSIgaGVpZ2h0PSIxIiB4bWxucz0iaHR0cDovL3d3dy53My5vcmcvMjAwMC9zdmciPjwvc3ZnPg==\" style=\"--smush-placeholder-width: 960px; --smush-placeholder-aspect-ratio: 960\/640;\" \/><\/figure>\n\n\n\n<p><a href=\"https:\/\/www.facebook.com\/pg\/CaririEmAcao\/photos\/?tab=album&amp;album_id=1629059553896728\">CLIQUE AQUI E VEJA FOTOS.<\/a><\/p>\n","protected":false},"excerpt":{"rendered":"<p>A Prefeitura de Cara\u00fabas, no Cariri Paraibano, por meio da Secretaria Municipal de Sa\u00fade, promoveu a 2\u00aa edi\u00e7\u00e3o da Semana da Sa\u00fade no distrito de&hellip; <\/p>\n","protected":false},"author":2,"featured_media":111703,"comment_status":"closed","ping_status":"closed","sticky":false,"template":"","format":"standard","meta":{"sfsi_plus_gutenberg_text_before_share":"","sfsi_plus_gutenberg_show_text_before_share":"","sfsi_plus_gutenberg_icon_type":"","sfsi_plus_gutenberg_icon_alignemt":"","sfsi_plus_gutenburg_max_per_row":"","footnotes":""},"categories":[6,50],"tags":[],"class_list":["post-111659","post","type-post","status-publish","format-standard","has-post-thumbnail","hentry","category-cidades","category-destaque"],"_links":{"self":[{"href":"https:\/\/www.caririemacao.com\/1\/wp-json\/wp\/v2\/posts\/111659","targetHints":{"allow":["GET"]}}],"collection":[{"href":"https:\/\/www.caririemacao.com\/1\/wp-json\/wp\/v2\/posts"}],"about":[{"href":"https:\/\/www.caririemacao.com\/1\/wp-json\/wp\/v2\/types\/post"}],"author":[{"embeddable":true,"href":"https:\/\/www.caririemacao.com\/1\/wp-json\/wp\/v2\/users\/2"}],"replies":[{"embeddable":true,"href":"https:\/\/www.caririemacao.com\/1\/wp-json\/wp\/v2\/comments?post=111659"}],"version-history":[{"count":1,"href":"https:\/\/www.caririemacao.com\/1\/wp-json\/wp\/v2\/posts\/111659\/revisions"}],"predecessor-version":[{"id":111707,"href":"https:\/\/www.caririemacao.com\/1\/wp-json\/wp\/v2\/posts\/111659\/revisions\/111707"}],"wp:featuredmedia":[{"embeddable":true,"href":"https:\/\/www.caririemacao.com\/1\/wp-json\/wp\/v2\/media\/111703"}],"wp:attachment":[{"href":"https:\/\/www.caririemacao.com\/1\/wp-json\/wp\/v2\/media?parent=111659"}],"wp:term":[{"taxonomy":"category","embeddable":true,"href":"https:\/\/www.caririemacao.com\/1\/wp-json\/wp\/v2\/categories?post=111659"},{"taxonomy":"post_tag","embeddable":true,"href":"https:\/\/www.caririemacao.com\/1\/wp-json\/wp\/v2\/tags?post=111659"}],"curies":[{"name":"wp","href":"https:\/\/api.w.org\/{rel}","templated":true}]}}