{"id":111665,"date":"2019-08-23T09:16:35","date_gmt":"2019-08-23T12:16:35","guid":{"rendered":"http:\/\/www.caririemacao.com\/1\/?p=111665"},"modified":"2019-08-23T09:16:35","modified_gmt":"2019-08-23T12:16:35","slug":"tragedia-pai-e-filho-morrem-afogados-em-barreiro-de-puxinana","status":"publish","type":"post","link":"https:\/\/www.caririemacao.com\/1\/2019\/08\/23\/tragedia-pai-e-filho-morrem-afogados-em-barreiro-de-puxinana\/","title":{"rendered":"TRAG\u00c9DIA: Pai e filho morrem afogados em barreiro de Puxinan\u00e3"},"content":{"rendered":"\n<p>Pai e filho morreram afogados na tarde desta quinta-feira (22\/09) em um barreiro localizado \u00e0s margens da rodovia entre Puxinan\u00e3 e Montadas, na comunidade conhecida como s\u00edtio \u201cEspinheiro\u201d.<\/p>\n\n\n\n<p>As primeiras informa\u00e7\u00f5es d\u00e3o conta de que pai e filho estavam retirando capim \u00e0s margens do reservat\u00f3rio e uma das sand\u00e1lias do menino caiu na \u00e1gua.<\/p>\n\n\n\n<p><\/p>\n\n\n\n<p>O garoto foi retirar, o pai viu o filho se afogando e correu em socorro, mas acabou n\u00e3o conseguindo e os dois acabaram morrendo.<\/p>\n\n\n\n<p>O menino tinha irm\u00e3o g\u00eameo.<\/p>\n","protected":false},"excerpt":{"rendered":"<p>Pai e filho morreram afogados na tarde desta quinta-feira (22\/09) em um barreiro localizado \u00e0s margens da rodovia entre Puxinan\u00e3 e Montadas, na comunidade conhecida&hellip; <\/p>\n","protected":false},"author":1,"featured_media":111666,"comment_status":"closed","ping_status":"closed","sticky":false,"template":"","format":"standard","meta":{"sfsi_plus_gutenberg_text_before_share":"","sfsi_plus_gutenberg_show_text_before_share":"","sfsi_plus_gutenberg_icon_type":"","sfsi_plus_gutenberg_icon_alignemt":"","sfsi_plus_gutenburg_max_per_row":"","footnotes":""},"categories":[2],"tags":[],"class_list":["post-111665","post","type-post","status-publish","format-standard","has-post-thumbnail","hentry","category-geral"],"_links":{"self":[{"href":"https:\/\/www.caririemacao.com\/1\/wp-json\/wp\/v2\/posts\/111665","targetHints":{"allow":["GET"]}}],"collection":[{"href":"https:\/\/www.caririemacao.com\/1\/wp-json\/wp\/v2\/posts"}],"about":[{"href":"https:\/\/www.caririemacao.com\/1\/wp-json\/wp\/v2\/types\/post"}],"author":[{"embeddable":true,"href":"https:\/\/www.caririemacao.com\/1\/wp-json\/wp\/v2\/users\/1"}],"replies":[{"embeddable":true,"href":"https:\/\/www.caririemacao.com\/1\/wp-json\/wp\/v2\/comments?post=111665"}],"version-history":[{"count":1,"href":"https:\/\/www.caririemacao.com\/1\/wp-json\/wp\/v2\/posts\/111665\/revisions"}],"predecessor-version":[{"id":111667,"href":"https:\/\/www.caririemacao.com\/1\/wp-json\/wp\/v2\/posts\/111665\/revisions\/111667"}],"wp:featuredmedia":[{"embeddable":true,"href":"https:\/\/www.caririemacao.com\/1\/wp-json\/wp\/v2\/media\/111666"}],"wp:attachment":[{"href":"https:\/\/www.caririemacao.com\/1\/wp-json\/wp\/v2\/media?parent=111665"}],"wp:term":[{"taxonomy":"category","embeddable":true,"href":"https:\/\/www.caririemacao.com\/1\/wp-json\/wp\/v2\/categories?post=111665"},{"taxonomy":"post_tag","embeddable":true,"href":"https:\/\/www.caririemacao.com\/1\/wp-json\/wp\/v2\/tags?post=111665"}],"curies":[{"name":"wp","href":"https:\/\/api.w.org\/{rel}","templated":true}]}}