{"id":111677,"date":"2019-08-23T09:23:33","date_gmt":"2019-08-23T12:23:33","guid":{"rendered":"http:\/\/www.caririemacao.com\/1\/?p=111677"},"modified":"2019-08-23T09:23:33","modified_gmt":"2019-08-23T12:23:33","slug":"policia-prende-mulher-acusada-de-envolvimento-no-assassinato-do-serra-branquense-normando","status":"publish","type":"post","link":"https:\/\/www.caririemacao.com\/1\/2019\/08\/23\/policia-prende-mulher-acusada-de-envolvimento-no-assassinato-do-serra-branquense-normando\/","title":{"rendered":"Pol\u00edcia prende mulher acusada de envolvimento no assassinato do serra-branquense Normando"},"content":{"rendered":"\n<p>Nesta quinta-feira(22) as policias Civil e Militar deflagraram a Opera\u00e7\u00e3o Conex\u00e3o em v\u00e1rias cidades da regi\u00e3o do Cariri e Sert\u00e3o da Para\u00edba, com intuito de desarticular uma organiza\u00e7\u00e3o criminosa envolvida com tr\u00e1fico de drogas, homic\u00eddios, ataques a institui\u00e7\u00f5es financeiras e outros crimes patrimoniais.<\/p>\n\n\n\n<p>Ao todo, vinte e cinco pessoas foram presas, entre elas um cabo e um sargento da Pol\u00edcia Militar. De acordo com o delegado Cristiano Santana, de Monteiro, a quadrilha planejava assassinar um delegado da Pol\u00edcia Civil e dois oficiais da Pol\u00edcia Militar que trabalhavam nas investiga\u00e7\u00f5es.<\/p>\n\n\n\n<p>A opera\u00e7\u00e3o policial se deu em conjunto pelas pol\u00edcias Civil e Militar das \u00c1reas Integradas de Seguran\u00e7a P\u00fablica de Monteiro e de Princesa Isabel (cariri e sert\u00e3o paraibano), policiais civis do N\u00facleo de Homic\u00eddios da 8DSPC\/Guarabira e da delegacia de Mulungu-PB.<\/p>\n\n\n\n<p>Na Delegacia de Mulungu foi registrada a pris\u00e3o de Gabriela da Silva Santos. Ela \u00e9 investigada por envolvimento no assassinato do serra-branquense Normando, ocorrido no dia 14 de junho de 2019, na cidade de Serra Branca-PB, e contra ela havia mandado de pris\u00e3o expedido.<\/p>\n\n\n\n<p>A acusada est\u00e1 sendo recambiada para a Central de Pol\u00edcia de Campina Grande, onde aguardar\u00e1 a audi\u00eancia de cust\u00f3dia.<\/p>\n","protected":false},"excerpt":{"rendered":"<p>Nesta quinta-feira(22) as policias Civil e Militar deflagraram a Opera\u00e7\u00e3o Conex\u00e3o em v\u00e1rias cidades da regi\u00e3o do Cariri e Sert\u00e3o da Para\u00edba, com intuito de&hellip; <\/p>\n","protected":false},"author":1,"featured_media":111678,"comment_status":"closed","ping_status":"closed","sticky":false,"template":"","format":"standard","meta":{"sfsi_plus_gutenberg_text_before_share":"","sfsi_plus_gutenberg_show_text_before_share":"","sfsi_plus_gutenberg_icon_type":"","sfsi_plus_gutenberg_icon_alignemt":"","sfsi_plus_gutenburg_max_per_row":"","footnotes":""},"categories":[12],"tags":[],"class_list":["post-111677","post","type-post","status-publish","format-standard","has-post-thumbnail","hentry","category-policia"],"_links":{"self":[{"href":"https:\/\/www.caririemacao.com\/1\/wp-json\/wp\/v2\/posts\/111677","targetHints":{"allow":["GET"]}}],"collection":[{"href":"https:\/\/www.caririemacao.com\/1\/wp-json\/wp\/v2\/posts"}],"about":[{"href":"https:\/\/www.caririemacao.com\/1\/wp-json\/wp\/v2\/types\/post"}],"author":[{"embeddable":true,"href":"https:\/\/www.caririemacao.com\/1\/wp-json\/wp\/v2\/users\/1"}],"replies":[{"embeddable":true,"href":"https:\/\/www.caririemacao.com\/1\/wp-json\/wp\/v2\/comments?post=111677"}],"version-history":[{"count":1,"href":"https:\/\/www.caririemacao.com\/1\/wp-json\/wp\/v2\/posts\/111677\/revisions"}],"predecessor-version":[{"id":111679,"href":"https:\/\/www.caririemacao.com\/1\/wp-json\/wp\/v2\/posts\/111677\/revisions\/111679"}],"wp:featuredmedia":[{"embeddable":true,"href":"https:\/\/www.caririemacao.com\/1\/wp-json\/wp\/v2\/media\/111678"}],"wp:attachment":[{"href":"https:\/\/www.caririemacao.com\/1\/wp-json\/wp\/v2\/media?parent=111677"}],"wp:term":[{"taxonomy":"category","embeddable":true,"href":"https:\/\/www.caririemacao.com\/1\/wp-json\/wp\/v2\/categories?post=111677"},{"taxonomy":"post_tag","embeddable":true,"href":"https:\/\/www.caririemacao.com\/1\/wp-json\/wp\/v2\/tags?post=111677"}],"curies":[{"name":"wp","href":"https:\/\/api.w.org\/{rel}","templated":true}]}}