{"id":111683,"date":"2019-08-23T09:26:42","date_gmt":"2019-08-23T12:26:42","guid":{"rendered":"http:\/\/www.caririemacao.com\/1\/?p=111683"},"modified":"2019-08-23T09:26:42","modified_gmt":"2019-08-23T12:26:42","slug":"madonna-protesta-pela-amazonia-mas-erra-nome-de-bolsonaro","status":"publish","type":"post","link":"https:\/\/www.caririemacao.com\/1\/2019\/08\/23\/madonna-protesta-pela-amazonia-mas-erra-nome-de-bolsonaro\/","title":{"rendered":"Madonna protesta pela Amaz\u00f4nia, mas erra nome de Bolsonaro"},"content":{"rendered":"\n<p>Neste quinta-feira (22), a cantora Madonna usou o Instagram para protestar contra as queimadas na Amaz\u00f4nia, que j\u00e1 est\u00e1 em seu 18\u00b0 dia.<\/p>\n\n\n\n<p>A imagem viralizou n\u00e3o pelo protesto, mas por um detalhe. A estrela pop acabou cometendo uma gafe e escreveu o nome do presidente de forma errada.<\/p>\n\n\n\n<p>Madonna chamou o presidente de &#8216;Borsalino&#8217;.<\/p>\n\n\n\n\n\n\n\n<p>A cantora arrumou a publica\u00e7\u00e3o e colocou o nome certo, por\u00e9m os internautas n\u00e3o perdoaram e come\u00e7aram a divulgar memes com a gafe cometida pela diva.&nbsp;<\/p>\n","protected":false},"excerpt":{"rendered":"<p>Neste quinta-feira (22), a cantora Madonna usou o Instagram para protestar contra as queimadas na Amaz\u00f4nia, que j\u00e1 est\u00e1 em seu 18\u00b0 dia. A imagem&hellip; <\/p>\n","protected":false},"author":1,"featured_media":111684,"comment_status":"closed","ping_status":"closed","sticky":false,"template":"","format":"standard","meta":{"sfsi_plus_gutenberg_text_before_share":"","sfsi_plus_gutenberg_show_text_before_share":"","sfsi_plus_gutenberg_icon_type":"","sfsi_plus_gutenberg_icon_alignemt":"","sfsi_plus_gutenburg_max_per_row":"","footnotes":""},"categories":[2],"tags":[],"class_list":["post-111683","post","type-post","status-publish","format-standard","has-post-thumbnail","hentry","category-geral"],"_links":{"self":[{"href":"https:\/\/www.caririemacao.com\/1\/wp-json\/wp\/v2\/posts\/111683","targetHints":{"allow":["GET"]}}],"collection":[{"href":"https:\/\/www.caririemacao.com\/1\/wp-json\/wp\/v2\/posts"}],"about":[{"href":"https:\/\/www.caririemacao.com\/1\/wp-json\/wp\/v2\/types\/post"}],"author":[{"embeddable":true,"href":"https:\/\/www.caririemacao.com\/1\/wp-json\/wp\/v2\/users\/1"}],"replies":[{"embeddable":true,"href":"https:\/\/www.caririemacao.com\/1\/wp-json\/wp\/v2\/comments?post=111683"}],"version-history":[{"count":1,"href":"https:\/\/www.caririemacao.com\/1\/wp-json\/wp\/v2\/posts\/111683\/revisions"}],"predecessor-version":[{"id":111685,"href":"https:\/\/www.caririemacao.com\/1\/wp-json\/wp\/v2\/posts\/111683\/revisions\/111685"}],"wp:featuredmedia":[{"embeddable":true,"href":"https:\/\/www.caririemacao.com\/1\/wp-json\/wp\/v2\/media\/111684"}],"wp:attachment":[{"href":"https:\/\/www.caririemacao.com\/1\/wp-json\/wp\/v2\/media?parent=111683"}],"wp:term":[{"taxonomy":"category","embeddable":true,"href":"https:\/\/www.caririemacao.com\/1\/wp-json\/wp\/v2\/categories?post=111683"},{"taxonomy":"post_tag","embeddable":true,"href":"https:\/\/www.caririemacao.com\/1\/wp-json\/wp\/v2\/tags?post=111683"}],"curies":[{"name":"wp","href":"https:\/\/api.w.org\/{rel}","templated":true}]}}