{"id":111713,"date":"2019-08-23T09:50:48","date_gmt":"2019-08-23T12:50:48","guid":{"rendered":"http:\/\/www.caririemacao.com\/1\/?p=111713"},"modified":"2019-08-23T09:50:48","modified_gmt":"2019-08-23T12:50:48","slug":"vereadores-firmam-compromisso-para-criar-lei-severa-sobre-animais-soltos","status":"publish","type":"post","link":"https:\/\/www.caririemacao.com\/1\/2019\/08\/23\/vereadores-firmam-compromisso-para-criar-lei-severa-sobre-animais-soltos\/","title":{"rendered":"Vereadores firmam compromisso para criar lei severa sobre animais soltos"},"content":{"rendered":"\n<p>Os vereadores de Monteiro firmaram na sess\u00e3o desta quinta feira (23), o compromisso de criar uma comiss\u00e3o e tomar as primeiras providencias para elaborar uma lei rigorosa, para os donos de animais em rela\u00e7\u00e3o aos cuidados com os mesmos, para que eles n\u00e3o sejam soltos nas ruas e nas rodovias.<br>De acordo com o vereador presidente da Casa Caj\u00f3 Menezes, o 1\u00ba passo ser\u00e1 uma reuni\u00e3o a ser realizada na pr\u00f3xima quarta feira com a presen\u00e7a dos vereadores, al\u00e9m dos secret\u00e1rios de infraestrutura Juraci Conrado e de agricultura Alfredo Viana, para debater como \u00e9 a lei municipal atual, e para levar novas sugest\u00f5es de adequa\u00e7\u00f5es para que uma nova lei seja criada, com aplica\u00e7\u00e3o de multas mais severas, puni\u00e7\u00f5es determinadas pela reincid\u00eancia e destino a ser dado aos animais apreendidos entre outros pontos.<br>Tamb\u00e9m ser\u00e3o debatidas cobran\u00e7as a serem encaminhadas aos \u00f3rg\u00e3os competentes pela fiscaliza\u00e7\u00e3o nas rodovias federais, a Policia Rodovi\u00e1ria Federal e o DNIT.<br>\u201cPrecisamos analisar todos os aspectos nesta reuni\u00e3o inicial, e depois ampliar o debate envolvendo a sociedade civil e autoridades, inclusive o Minist\u00e9rio P\u00fablico para criarmos uma lei que atenda a todos os anseios da popula\u00e7\u00e3o e ajude a coibir os acidentes causados por estes animais\u201d, disse o vereador Caj\u00f3 Menezes.<br>Esta primeira reuni\u00e3o ser\u00e1 realizada na pr\u00f3xima quarta feira \u00e0s 09 e 30 da manh\u00e3 na c\u00e2mara municipal.<\/p>\n","protected":false},"excerpt":{"rendered":"<p>Os vereadores de Monteiro firmaram na sess\u00e3o desta quinta feira (23), o compromisso de criar uma comiss\u00e3o e tomar as primeiras providencias para elaborar uma&hellip; <\/p>\n","protected":false},"author":1,"featured_media":111714,"comment_status":"closed","ping_status":"closed","sticky":false,"template":"","format":"standard","meta":{"sfsi_plus_gutenberg_text_before_share":"","sfsi_plus_gutenberg_show_text_before_share":"","sfsi_plus_gutenberg_icon_type":"","sfsi_plus_gutenberg_icon_alignemt":"","sfsi_plus_gutenburg_max_per_row":"","footnotes":""},"categories":[2],"tags":[],"class_list":["post-111713","post","type-post","status-publish","format-standard","has-post-thumbnail","hentry","category-geral"],"_links":{"self":[{"href":"https:\/\/www.caririemacao.com\/1\/wp-json\/wp\/v2\/posts\/111713","targetHints":{"allow":["GET"]}}],"collection":[{"href":"https:\/\/www.caririemacao.com\/1\/wp-json\/wp\/v2\/posts"}],"about":[{"href":"https:\/\/www.caririemacao.com\/1\/wp-json\/wp\/v2\/types\/post"}],"author":[{"embeddable":true,"href":"https:\/\/www.caririemacao.com\/1\/wp-json\/wp\/v2\/users\/1"}],"replies":[{"embeddable":true,"href":"https:\/\/www.caririemacao.com\/1\/wp-json\/wp\/v2\/comments?post=111713"}],"version-history":[{"count":1,"href":"https:\/\/www.caririemacao.com\/1\/wp-json\/wp\/v2\/posts\/111713\/revisions"}],"predecessor-version":[{"id":111715,"href":"https:\/\/www.caririemacao.com\/1\/wp-json\/wp\/v2\/posts\/111713\/revisions\/111715"}],"wp:featuredmedia":[{"embeddable":true,"href":"https:\/\/www.caririemacao.com\/1\/wp-json\/wp\/v2\/media\/111714"}],"wp:attachment":[{"href":"https:\/\/www.caririemacao.com\/1\/wp-json\/wp\/v2\/media?parent=111713"}],"wp:term":[{"taxonomy":"category","embeddable":true,"href":"https:\/\/www.caririemacao.com\/1\/wp-json\/wp\/v2\/categories?post=111713"},{"taxonomy":"post_tag","embeddable":true,"href":"https:\/\/www.caririemacao.com\/1\/wp-json\/wp\/v2\/tags?post=111713"}],"curies":[{"name":"wp","href":"https:\/\/api.w.org\/{rel}","templated":true}]}}