{"id":111725,"date":"2019-08-23T10:00:28","date_gmt":"2019-08-23T13:00:28","guid":{"rendered":"http:\/\/www.caririemacao.com\/1\/?p=111725"},"modified":"2019-08-23T10:00:28","modified_gmt":"2019-08-23T13:00:28","slug":"ibama-vai-contratar-brigadas-para-prevenir-e-combater-incendios","status":"publish","type":"post","link":"https:\/\/www.caririemacao.com\/1\/2019\/08\/23\/ibama-vai-contratar-brigadas-para-prevenir-e-combater-incendios\/","title":{"rendered":"Ibama vai contratar brigadas para prevenir e combater inc\u00eandios"},"content":{"rendered":"\n<p><br>O Sistema Nacional de Preven\u00e7\u00e3o e Combate aos Inc\u00eandios Florestais (Prevfogo) vai receber brigadistas tempor\u00e1rios para as a\u00e7\u00f5es de combate a inc\u00eandios florestais em estados declarados em emerg\u00eancia ambiental pelo Minist\u00e9rio do Meio Ambiente, conforme Portaria n\u00ba 153, de 18 de mar\u00e7o de 2019, publicada em 9 de abril de 2019.<\/p>\n\n\n\n<p>S\u00e3o eles: Acre, Amap\u00e1, Amazonas, Bahia, Cear\u00e1, Goi\u00e1s, Maranh\u00e3o, Mato Grosso, Mato Grosso do Sul, Minas Gerais, Par\u00e1, Pernambuco, Piau\u00ed, Rio de Janeiro, Rond\u00f4nia, Roraima, Tocantins e o Distrito Federal.<\/p>\n\n\n\n<figure class=\"wp-block-image\"><img decoding=\"async\" data-src=\"http:\/\/imagens.ebc.com.br\/FqkhUAOBOvRFZJFw0SiCA8CwjQA=\/754x0\/smart\/http:\/\/agenciabrasil.ebc.com.br\/sites\/default\/files\/thumbnails\/image\/brigada_federal_assentamento_diamantina.jpg?itok=4lJ1pwFS\" alt=\"Brigada Federal de preven\u00e7\u00e3o e combate a inc\u00eandio florestal\" src=\"data:image\/svg+xml;base64,PHN2ZyB3aWR0aD0iMSIgaGVpZ2h0PSIxIiB4bWxucz0iaHR0cDovL3d3dy53My5vcmcvMjAwMC9zdmciPjwvc3ZnPg==\" class=\"lazyload\" \/><\/figure>\n\n\n\n<p>Brigada Federal de preven\u00e7\u00e3o e combate a inc\u00eandio florestal &#8211;&nbsp;<strong>Divulga\u00e7\u00e3o Minist\u00e9rio do Meio Ambiente<\/strong><\/p>\n\n\n\n<p>A portaria editada pelo Instituto Brasileiro do Meio Ambiente e dos Recursos Naturais Renov\u00e1veis (Ibama), autorizando as contrata\u00e7\u00f5es, est\u00e1 publicada no<a href=\"http:\/\/www.in.gov.br\/en\/web\/dou\/-\/portaria-n-3.020-de-21-de-agosto-de-2019-212173656\" target=\"_blank\" rel=\"noreferrer noopener\"><em>&nbsp;Di\u00e1rio Oficial da Uni\u00e3o<\/em><\/a>&nbsp;desta sexta-feira (23).<\/p>\n\n\n\n<p>De acordo com o documento, as brigadas tempor\u00e1rias ter\u00e3o a estrutura de um brigadista chefe de brigada, dois brigadistas chefes de esquadr\u00e3o e dez brigadistas.<\/p>\n","protected":false},"excerpt":{"rendered":"<p>O Sistema Nacional de Preven\u00e7\u00e3o e Combate aos Inc\u00eandios Florestais (Prevfogo) vai receber brigadistas tempor\u00e1rios para as a\u00e7\u00f5es de combate a inc\u00eandios florestais em estados&hellip; <\/p>\n","protected":false},"author":1,"featured_media":67288,"comment_status":"closed","ping_status":"closed","sticky":false,"template":"","format":"standard","meta":{"sfsi_plus_gutenberg_text_before_share":"","sfsi_plus_gutenberg_show_text_before_share":"","sfsi_plus_gutenberg_icon_type":"","sfsi_plus_gutenberg_icon_alignemt":"","sfsi_plus_gutenburg_max_per_row":"","footnotes":""},"categories":[2],"tags":[],"class_list":["post-111725","post","type-post","status-publish","format-standard","has-post-thumbnail","hentry","category-geral"],"_links":{"self":[{"href":"https:\/\/www.caririemacao.com\/1\/wp-json\/wp\/v2\/posts\/111725","targetHints":{"allow":["GET"]}}],"collection":[{"href":"https:\/\/www.caririemacao.com\/1\/wp-json\/wp\/v2\/posts"}],"about":[{"href":"https:\/\/www.caririemacao.com\/1\/wp-json\/wp\/v2\/types\/post"}],"author":[{"embeddable":true,"href":"https:\/\/www.caririemacao.com\/1\/wp-json\/wp\/v2\/users\/1"}],"replies":[{"embeddable":true,"href":"https:\/\/www.caririemacao.com\/1\/wp-json\/wp\/v2\/comments?post=111725"}],"version-history":[{"count":1,"href":"https:\/\/www.caririemacao.com\/1\/wp-json\/wp\/v2\/posts\/111725\/revisions"}],"predecessor-version":[{"id":111726,"href":"https:\/\/www.caririemacao.com\/1\/wp-json\/wp\/v2\/posts\/111725\/revisions\/111726"}],"wp:featuredmedia":[{"embeddable":true,"href":"https:\/\/www.caririemacao.com\/1\/wp-json\/wp\/v2\/media\/67288"}],"wp:attachment":[{"href":"https:\/\/www.caririemacao.com\/1\/wp-json\/wp\/v2\/media?parent=111725"}],"wp:term":[{"taxonomy":"category","embeddable":true,"href":"https:\/\/www.caririemacao.com\/1\/wp-json\/wp\/v2\/categories?post=111725"},{"taxonomy":"post_tag","embeddable":true,"href":"https:\/\/www.caririemacao.com\/1\/wp-json\/wp\/v2\/tags?post=111725"}],"curies":[{"name":"wp","href":"https:\/\/api.w.org\/{rel}","templated":true}]}}