{"id":111736,"date":"2019-08-23T11:40:25","date_gmt":"2019-08-23T14:40:25","guid":{"rendered":"http:\/\/www.caririemacao.com\/1\/?p=111736"},"modified":"2019-08-23T11:40:25","modified_gmt":"2019-08-23T14:40:25","slug":"pais-gera-438-mil-empregos-formais-em-julho","status":"publish","type":"post","link":"https:\/\/www.caririemacao.com\/1\/2019\/08\/23\/pais-gera-438-mil-empregos-formais-em-julho\/","title":{"rendered":"Pa\u00eds gera 43,8 mil empregos formais em julho"},"content":{"rendered":"\n<p>Pelo quarto m\u00eas consecutivo, houve gera\u00e7\u00e3o de emprego formal no pa\u00eds, segundo dados do Cadastro Geral de Empregados e Desempregados (Caged) divulgados hoje (23), pelo Minist\u00e9rio da Economia. Em julho, foi registrada a abertura de 43.820 vagas de trabalho com carteira assinada, crescimento de 0,11% em rela\u00e7\u00e3o ao estoque de junho.<\/p>\n\n\n\n<p>O indicador mede a diferen\u00e7a entre contrata\u00e7\u00f5es e demiss\u00f5es. O saldo positivo em julho deste ano foi resultado de 1.331.189 admiss\u00f5es contra 1.287.369 desligamentos. Em julho de 2018, o resultado foi melhor: com saldo positivo de 47.319.<\/p>\n\n\n\n<p>Nos sete meses do ano, foram criados 461.411 postos de trabalho (9.600.447 admiss\u00f5es e 9.139.036 desligamentos). Na compara\u00e7\u00e3o com o mesmo per\u00edodo de 2018, houve crescimento de 2,93%. O resultado de janeiro a julho deste ano \u00e9 o melhor para o per\u00edodo desde 2014 (632.224).<\/p>\n\n\n\n<p>Dos oito setores econ\u00f4micos, sete contrataram mais do que demitiram em julho. O saldo ficou positivo na constru\u00e7\u00e3o civil (18.721), servi\u00e7os ( 8.948), ind\u00fastria de transforma\u00e7\u00e3o (5.391), com\u00e9rcio (4.887), agropecu\u00e1ria (4.645), extrativa mineral (1.049) e servi\u00e7os industriais de utilidade p\u00fablica (494). Apenas administra\u00e7\u00e3o p\u00fablica descreveu saldo negativo (315).<\/p>\n\n\n\n<h2 class=\"wp-block-heading\">Resultados regionais<\/h2>\n\n\n\n<p>Segundo o minist\u00e9rio, todas as regi\u00f5es do Brasil tiveram crescimento no mercado formal de trabalho em julho. O maior saldo foi na Regi\u00e3o Sudeste, com 23.851 vagas de emprego com carteira assinada, crescimento de 0,12%. Em seguida, v\u00eam Centro-Oeste (9.940 postos, 0,30%); Norte (7.091 postos, 0,39%); Nordeste (2.582 postos, 0,04%) e Sul (356 postos, 0,00%).<\/p>\n\n\n\n<p>Das 27 unidades da federa\u00e7\u00e3o, 20 terminaram julho com saldo positivo no emprego. A maior parte das vagas foi aberta em S\u00e3o Paulo, onde foram criados 20.204 postos de trabalho; Minas Gerais, com 10.609 novas vagas, e Mato Grosso, que teve saldo positivo de 4.169 postos.<\/p>\n\n\n\n<h2 class=\"wp-block-heading\">Reforma Trabalhista<\/h2>\n\n\n\n<p>Do saldo total de julho, 6.286 vagas foram resultado da reforma trabalhista, n\u00famero equivalente a 14,34% do total. A maior parte destes empregos veio na modalidade intermitente (quando o empregado recebe por horas de trabalho), que teve saldo de 5.546 postos, principalmente em ocupa\u00e7\u00f5es como alimentador de linha de produ\u00e7\u00e3o, servente de obras e faxineiro. Na categoria de trabalho em regime de tempo parcial, foram 740 vagas, em ocupa\u00e7\u00f5es como faxineiro, auxiliar de escrit\u00f3rio e operador de caixa.<\/p>\n\n\n\n<p>Em julho de 2019, houve 18.984 desligamentos mediante acordo entre empregador e empregado, envolvendo 13.918 estabelecimentos, em um universo de 12.592 empresas. Um total de 45 empregados realizou mais de um desligamento mediante acordo com o empregador.<\/p>\n","protected":false},"excerpt":{"rendered":"<p>Pelo quarto m\u00eas consecutivo, houve gera\u00e7\u00e3o de emprego formal no pa\u00eds, segundo dados do Cadastro Geral de Empregados e Desempregados (Caged) divulgados hoje (23), pelo&hellip; <\/p>\n","protected":false},"author":1,"featured_media":60214,"comment_status":"closed","ping_status":"closed","sticky":false,"template":"","format":"standard","meta":{"sfsi_plus_gutenberg_text_before_share":"","sfsi_plus_gutenberg_show_text_before_share":"","sfsi_plus_gutenberg_icon_type":"","sfsi_plus_gutenberg_icon_alignemt":"","sfsi_plus_gutenburg_max_per_row":"","footnotes":""},"categories":[2],"tags":[],"class_list":["post-111736","post","type-post","status-publish","format-standard","has-post-thumbnail","hentry","category-geral"],"_links":{"self":[{"href":"https:\/\/www.caririemacao.com\/1\/wp-json\/wp\/v2\/posts\/111736","targetHints":{"allow":["GET"]}}],"collection":[{"href":"https:\/\/www.caririemacao.com\/1\/wp-json\/wp\/v2\/posts"}],"about":[{"href":"https:\/\/www.caririemacao.com\/1\/wp-json\/wp\/v2\/types\/post"}],"author":[{"embeddable":true,"href":"https:\/\/www.caririemacao.com\/1\/wp-json\/wp\/v2\/users\/1"}],"replies":[{"embeddable":true,"href":"https:\/\/www.caririemacao.com\/1\/wp-json\/wp\/v2\/comments?post=111736"}],"version-history":[{"count":1,"href":"https:\/\/www.caririemacao.com\/1\/wp-json\/wp\/v2\/posts\/111736\/revisions"}],"predecessor-version":[{"id":111737,"href":"https:\/\/www.caririemacao.com\/1\/wp-json\/wp\/v2\/posts\/111736\/revisions\/111737"}],"wp:featuredmedia":[{"embeddable":true,"href":"https:\/\/www.caririemacao.com\/1\/wp-json\/wp\/v2\/media\/60214"}],"wp:attachment":[{"href":"https:\/\/www.caririemacao.com\/1\/wp-json\/wp\/v2\/media?parent=111736"}],"wp:term":[{"taxonomy":"category","embeddable":true,"href":"https:\/\/www.caririemacao.com\/1\/wp-json\/wp\/v2\/categories?post=111736"},{"taxonomy":"post_tag","embeddable":true,"href":"https:\/\/www.caririemacao.com\/1\/wp-json\/wp\/v2\/tags?post=111736"}],"curies":[{"name":"wp","href":"https:\/\/api.w.org\/{rel}","templated":true}]}}