{"id":111743,"date":"2019-08-23T14:13:04","date_gmt":"2019-08-23T17:13:04","guid":{"rendered":"http:\/\/www.caririemacao.com\/1\/?p=111743"},"modified":"2019-08-23T14:13:04","modified_gmt":"2019-08-23T17:13:04","slug":"prefeita-de-ouro-velho-comemora-avaliacao-positiva-de-seu-governo","status":"publish","type":"post","link":"https:\/\/www.caririemacao.com\/1\/2019\/08\/23\/prefeita-de-ouro-velho-comemora-avaliacao-positiva-de-seu-governo\/","title":{"rendered":"Prefeita de Ouro Velho comemora avalia\u00e7\u00e3o positiva de seu Governo"},"content":{"rendered":"\n<p>Ao lado do seu esposo e m\u00e9dico Dr. J\u00fanior, vice-prefeito Fl\u00e1vio Henrique, secret\u00e1rios, vereadores, servidores da prefeitura, amigos e familiares, a prefeita de Ouro Velho, Nat\u00e1lia de Dr. J\u00fanior, esteve reunida na noite desta quinta-feira, dia 22, para comemorar a alta aprova\u00e7\u00e3o do seu governo, resultado de pesquisa realizada recentemente no munic\u00edpio. <\/p>\n\n\n\n<figure class=\"wp-block-image\"><img fetchpriority=\"high\" decoding=\"async\" width=\"1024\" height=\"682\" src=\"http:\/\/www.caririemacao.com\/1\/wp-content\/uploads\/2019\/08\/DSC_0200-1024x682.jpg\" alt=\"\" class=\"wp-image-111752\" srcset=\"https:\/\/www.caririemacao.com\/1\/wp-content\/uploads\/2019\/08\/DSC_0200-1024x682.jpg 1024w, https:\/\/www.caririemacao.com\/1\/wp-content\/uploads\/2019\/08\/DSC_0200-300x200.jpg 300w, https:\/\/www.caririemacao.com\/1\/wp-content\/uploads\/2019\/08\/DSC_0200-768x512.jpg 768w, https:\/\/www.caririemacao.com\/1\/wp-content\/uploads\/2019\/08\/DSC_0200.jpg 1280w\" sizes=\"(max-width: 1024px) 100vw, 1024px\" \/><\/figure>\n\n\n\n<p>O encontro foi no clube municipal e foi marcado pela emo\u00e7\u00e3o e gratid\u00e3o das pessoas com a prefeita, sendo retribu\u00eddas pelo carinho da prefeita. A prefeita se emocionou ao contar toda trajet\u00f3ria dela e de seu esposo Dr. J\u00fanior. \u201cAgora entendo porque precis\u00e1vamos perder para ganhar\u201d, resumiu a prefeita, ao falar do momento que vive a cidade de Ouro Velho, com muitas obras e investimentos, beneficiando toda cidade.<\/p>\n\n\n\n<figure class=\"wp-block-image\"><img decoding=\"async\" width=\"1024\" height=\"682\" data-src=\"http:\/\/www.caririemacao.com\/1\/wp-content\/uploads\/2019\/08\/DSC_0080-1024x682.jpg\" alt=\"\" class=\"wp-image-111745 lazyload\" data-srcset=\"https:\/\/www.caririemacao.com\/1\/wp-content\/uploads\/2019\/08\/DSC_0080-1024x682.jpg 1024w, https:\/\/www.caririemacao.com\/1\/wp-content\/uploads\/2019\/08\/DSC_0080-300x200.jpg 300w, https:\/\/www.caririemacao.com\/1\/wp-content\/uploads\/2019\/08\/DSC_0080-768x512.jpg 768w, https:\/\/www.caririemacao.com\/1\/wp-content\/uploads\/2019\/08\/DSC_0080.jpg 1280w\" data-sizes=\"(max-width: 1024px) 100vw, 1024px\" src=\"data:image\/svg+xml;base64,PHN2ZyB3aWR0aD0iMSIgaGVpZ2h0PSIxIiB4bWxucz0iaHR0cDovL3d3dy53My5vcmcvMjAwMC9zdmciPjwvc3ZnPg==\" style=\"--smush-placeholder-width: 1024px; --smush-placeholder-aspect-ratio: 1024\/682;\" \/><\/figure>\n\n\n\n<p>J\u00e1 o esposo da prefeita Dr. J\u00fanior destacou os investimentos\ne a gest\u00e3o financeira que vivencia Ouro Velho. \u201cHoje conseguimos pagar nossos\nservidores em dia e de forma antecipada, destacando que poucos munic\u00edpios no\nBrasil consegue pagar no dia 20 de cada m\u00eas o sal\u00e1rio de seus servidores.<\/p>\n\n\n\n<p>Dr. J\u00fanior aproveitou para comentar das obras que est\u00e3o sendo executadas com pr\u00f3prio, citando a constru\u00e7\u00e3o da adutora do Alto dos Pedro e a pista de cooper. Ele tamb\u00e9m comentou que a Prefeitura atrav\u00e9s trabalhando para construir um novo matadouro p\u00fablico, pra\u00e7a, gin\u00e1sio e a reforma do clube municipal.<\/p>\n\n\n\n<figure class=\"wp-block-image\"><img decoding=\"async\" width=\"1024\" height=\"682\" data-src=\"http:\/\/www.caririemacao.com\/1\/wp-content\/uploads\/2019\/08\/DSC_0167-1024x682.jpg\" alt=\"\" class=\"wp-image-111746 lazyload\" data-srcset=\"https:\/\/www.caririemacao.com\/1\/wp-content\/uploads\/2019\/08\/DSC_0167-1024x682.jpg 1024w, https:\/\/www.caririemacao.com\/1\/wp-content\/uploads\/2019\/08\/DSC_0167-300x200.jpg 300w, https:\/\/www.caririemacao.com\/1\/wp-content\/uploads\/2019\/08\/DSC_0167-768x512.jpg 768w, https:\/\/www.caririemacao.com\/1\/wp-content\/uploads\/2019\/08\/DSC_0167.jpg 1280w\" data-sizes=\"(max-width: 1024px) 100vw, 1024px\" src=\"data:image\/svg+xml;base64,PHN2ZyB3aWR0aD0iMSIgaGVpZ2h0PSIxIiB4bWxucz0iaHR0cDovL3d3dy53My5vcmcvMjAwMC9zdmciPjwvc3ZnPg==\" style=\"--smush-placeholder-width: 1024px; --smush-placeholder-aspect-ratio: 1024\/682;\" \/><\/figure>\n\n\n\n<p>O vice-prefeito, Fl\u00e1vio Henrique tamb\u00e9m comemorou a avalia\u00e7\u00e3o\ndo governo e citou os avan\u00e7os que o munic\u00edpio alcan\u00e7ou com este governo. Ele tamb\u00e9m\nparabenizou a prefeita e todos os servidores municipais pelo empenho e\ndedica\u00e7\u00e3o de cada um.<\/p>\n\n\n\n<p>Ap\u00f3s o encontro, foi servido um jantar para todos os convidados, que aproveitaram para abra\u00e7ar a prefeita e agradecer por tudo que ela estava fazendo pelo munic\u00edpio. <\/p>\n\n\n\n<p><a href=\"https:\/\/www.facebook.com\/pg\/CaririEmAcao\/photos\/?tab=album&amp;album_id=1629964593806224\">CLIQUE AQUI E VEJA TODAS AS FOTOS.<\/a><\/p>\n","protected":false},"excerpt":{"rendered":"<p>Ao lado do seu esposo e m\u00e9dico Dr. J\u00fanior, vice-prefeito Fl\u00e1vio Henrique, secret\u00e1rios, vereadores, servidores da prefeitura, amigos e familiares, a prefeita de Ouro Velho,&hellip; <\/p>\n","protected":false},"author":2,"featured_media":111744,"comment_status":"closed","ping_status":"closed","sticky":false,"template":"","format":"standard","meta":{"sfsi_plus_gutenberg_text_before_share":"","sfsi_plus_gutenberg_show_text_before_share":"","sfsi_plus_gutenberg_icon_type":"","sfsi_plus_gutenberg_icon_alignemt":"","sfsi_plus_gutenburg_max_per_row":"","footnotes":""},"categories":[50,11],"tags":[],"class_list":["post-111743","post","type-post","status-publish","format-standard","has-post-thumbnail","hentry","category-destaque","category-politica"],"_links":{"self":[{"href":"https:\/\/www.caririemacao.com\/1\/wp-json\/wp\/v2\/posts\/111743","targetHints":{"allow":["GET"]}}],"collection":[{"href":"https:\/\/www.caririemacao.com\/1\/wp-json\/wp\/v2\/posts"}],"about":[{"href":"https:\/\/www.caririemacao.com\/1\/wp-json\/wp\/v2\/types\/post"}],"author":[{"embeddable":true,"href":"https:\/\/www.caririemacao.com\/1\/wp-json\/wp\/v2\/users\/2"}],"replies":[{"embeddable":true,"href":"https:\/\/www.caririemacao.com\/1\/wp-json\/wp\/v2\/comments?post=111743"}],"version-history":[{"count":1,"href":"https:\/\/www.caririemacao.com\/1\/wp-json\/wp\/v2\/posts\/111743\/revisions"}],"predecessor-version":[{"id":111753,"href":"https:\/\/www.caririemacao.com\/1\/wp-json\/wp\/v2\/posts\/111743\/revisions\/111753"}],"wp:featuredmedia":[{"embeddable":true,"href":"https:\/\/www.caririemacao.com\/1\/wp-json\/wp\/v2\/media\/111744"}],"wp:attachment":[{"href":"https:\/\/www.caririemacao.com\/1\/wp-json\/wp\/v2\/media?parent=111743"}],"wp:term":[{"taxonomy":"category","embeddable":true,"href":"https:\/\/www.caririemacao.com\/1\/wp-json\/wp\/v2\/categories?post=111743"},{"taxonomy":"post_tag","embeddable":true,"href":"https:\/\/www.caririemacao.com\/1\/wp-json\/wp\/v2\/tags?post=111743"}],"curies":[{"name":"wp","href":"https:\/\/api.w.org\/{rel}","templated":true}]}}