{"id":111755,"date":"2019-08-24T00:06:34","date_gmt":"2019-08-24T03:06:34","guid":{"rendered":"http:\/\/www.caririemacao.com\/1\/?p=111755"},"modified":"2019-08-24T00:06:34","modified_gmt":"2019-08-24T03:06:34","slug":"ricardo-coutinho-participa-de-mobilizacao-em-monteiro-e-confirma-haddad-e-gleisi-no-ato-sos-transposicao","status":"publish","type":"post","link":"https:\/\/www.caririemacao.com\/1\/2019\/08\/24\/ricardo-coutinho-participa-de-mobilizacao-em-monteiro-e-confirma-haddad-e-gleisi-no-ato-sos-transposicao\/","title":{"rendered":"Ricardo Coutinho participa de mobiliza\u00e7\u00e3o em Monteiro e confirma Haddad e Gleisi no ato SOS Transposi\u00e7\u00e3o"},"content":{"rendered":"\n<p>O ex-governador Ricardo Coutinho (PSB), presidente nacional da Funda\u00e7\u00e3o Jo\u00e3o Mangabeira, do Partido Socialista Brasileiro, esteve participando na tarde desta sexta-feira (23), na cidade de Monteiro, no Cariri Paraibano, de um ato popular para\u00a0tratar sobre a mobiliza\u00e7\u00e3o do SOS Transposi\u00e7\u00e3o que acontece dia 1\u00ba de setembro em Monteiro\/PB.<\/p>\n\n\n\n<p>Na cidade, Ricardo Coutinho participou de uma coletiva com\nimprensa regional, e em seguida, foi promovida uma plen\u00e1ria com prefeitos,\nlideran\u00e7as pol\u00edticas e representantes dos movimentos sociais do estado para\norganiza\u00e7\u00e3o da mobiliza\u00e7\u00e3o.<\/p>\n\n\n\n<p>O discurso principal foi baseado em cr\u00edticas pelo abandono\ndo governo do presidente Jair Bolsonaro com as obras da Transposi\u00e7\u00e3o do Rio S\u00e3o\nFrancisco.<\/p>\n\n\n\n<p>Ricardo aproveitou para convocar a bancada paraibana em\nBras\u00edlia para participar do ato em defesa da Transposi\u00e7\u00e3o do Rio S\u00e3o Francisco.\n&nbsp;\u201cTudo aquilo que \u00e9 para o povo est\u00e1\nsendo destru\u00eddo. O Programa de Aquisi\u00e7\u00e3o de Alimentos, est\u00e1 sendo destru\u00eddo e\nao acabar com esse programa se acaba com a agricultura familiar. Ent\u00e3o eu acho\nque n\u00f3s estamos correndo um risco muito grande. Ent\u00e3o eu quero saber de todos,\nda atual representa\u00e7\u00e3o federal, que assumam a bandeira de defender os\ninteresses da Para\u00edba, sen\u00e3o uma obra como a \u201cTransposi\u00e7\u00e3o\u201d vai ficar\nsubtilizada. Ent\u00e3o n\u00e3o temos outro caminho sen\u00e3o lutar\u201d, disse RC ao defender o\nempenho de todos para a retomada da vaz\u00e3o de \u00e1gua no Eixo Leste da\nTransposi\u00e7\u00e3o, bem como o a conclus\u00e3o do eixo Norte da obra que est\u00e1 segundo\nele, paralisada.<\/p>\n\n\n\n<p>Na oportunidade, o ex-governador confirmou a presen\u00e7a de v\u00e1rias lideran\u00e7as nacionais, governadores, prefeitos, parlamentares, movimentos sociais, e dentre eles, a do ex-candidato \u00e0 presid\u00eancia nas elei\u00e7\u00f5es de 2018, Fernando Haddad (PT), al\u00e9m da presidente nacional do Partido dos Trabalhadores (PT), Gleisi Hoffmann.<\/p>\n","protected":false},"excerpt":{"rendered":"<p>O ex-governador Ricardo Coutinho (PSB), presidente nacional da Funda\u00e7\u00e3o Jo\u00e3o Mangabeira, do Partido Socialista Brasileiro, esteve participando na tarde desta sexta-feira (23), na cidade de&hellip; <\/p>\n","protected":false},"author":2,"featured_media":111756,"comment_status":"closed","ping_status":"closed","sticky":false,"template":"","format":"standard","meta":{"sfsi_plus_gutenberg_text_before_share":"","sfsi_plus_gutenberg_show_text_before_share":"","sfsi_plus_gutenberg_icon_type":"","sfsi_plus_gutenberg_icon_alignemt":"","sfsi_plus_gutenburg_max_per_row":"","footnotes":""},"categories":[50,11],"tags":[],"class_list":["post-111755","post","type-post","status-publish","format-standard","has-post-thumbnail","hentry","category-destaque","category-politica"],"_links":{"self":[{"href":"https:\/\/www.caririemacao.com\/1\/wp-json\/wp\/v2\/posts\/111755","targetHints":{"allow":["GET"]}}],"collection":[{"href":"https:\/\/www.caririemacao.com\/1\/wp-json\/wp\/v2\/posts"}],"about":[{"href":"https:\/\/www.caririemacao.com\/1\/wp-json\/wp\/v2\/types\/post"}],"author":[{"embeddable":true,"href":"https:\/\/www.caririemacao.com\/1\/wp-json\/wp\/v2\/users\/2"}],"replies":[{"embeddable":true,"href":"https:\/\/www.caririemacao.com\/1\/wp-json\/wp\/v2\/comments?post=111755"}],"version-history":[{"count":1,"href":"https:\/\/www.caririemacao.com\/1\/wp-json\/wp\/v2\/posts\/111755\/revisions"}],"predecessor-version":[{"id":111757,"href":"https:\/\/www.caririemacao.com\/1\/wp-json\/wp\/v2\/posts\/111755\/revisions\/111757"}],"wp:featuredmedia":[{"embeddable":true,"href":"https:\/\/www.caririemacao.com\/1\/wp-json\/wp\/v2\/media\/111756"}],"wp:attachment":[{"href":"https:\/\/www.caririemacao.com\/1\/wp-json\/wp\/v2\/media?parent=111755"}],"wp:term":[{"taxonomy":"category","embeddable":true,"href":"https:\/\/www.caririemacao.com\/1\/wp-json\/wp\/v2\/categories?post=111755"},{"taxonomy":"post_tag","embeddable":true,"href":"https:\/\/www.caririemacao.com\/1\/wp-json\/wp\/v2\/tags?post=111755"}],"curies":[{"name":"wp","href":"https:\/\/api.w.org\/{rel}","templated":true}]}}