{"id":111761,"date":"2019-08-24T12:43:20","date_gmt":"2019-08-24T15:43:20","guid":{"rendered":"http:\/\/www.caririemacao.com\/1\/?p=111761"},"modified":"2019-08-24T12:43:20","modified_gmt":"2019-08-24T15:43:20","slug":"1o-dia-da-festa-de-n-sra-do-desterro-barreiras-caraubas-pb-veja-fotos","status":"publish","type":"post","link":"https:\/\/www.caririemacao.com\/1\/2019\/08\/24\/1o-dia-da-festa-de-n-sra-do-desterro-barreiras-caraubas-pb-veja-fotos\/","title":{"rendered":"1\u00ba dia da Festa de N. Sra. do Desterro &#8211; Barreiras \u2013 Cara\u00fabas\/PB; VEJA FOTOS"},"content":{"rendered":"\n<p>A programa\u00e7\u00e3o cultural da tradicional festa de Nossa Senhora\ndo Desterro, em Barreiras de Cara\u00fabas, no Cariri da Para\u00edba, teve seu primeiro\ndia de shows na noite desta sexta-feira, dia 23.<\/p>\n\n\n\n<p>No primeiro dia, se apresentaram Gilsinho e Banda e a banda sumeense Forr\u00f3 Kent que\nesquentou a noite desta sexta-feira.<\/p>\n\n\n\n<p>O prefeito Silvano\ndestacou o investimento feito pela Prefeitura Municipal para oferecer um espa\u00e7o\namplo e organizado para pessoas do Distrito de Barreiras e para as pessoas que\nvisitam a comunidade neste per\u00edodo.<\/p>\n\n\n\n<p>Silvano tamb\u00e9m\nconvidou as pessoas para prestigiar o encerramento da programa\u00e7\u00e3o religiosa que\nacontece na tarde deste s\u00e1bado com a Santa Missa e Prociss\u00e3o. <\/p>\n\n\n\n<p>J\u00e1 a noite, em pra\u00e7a\np\u00fablica, acontece o encerramento dos shows musicais com Walkiria Santos e Forr\u00f3\nGente Boa.<\/p>\n\n\n\n<p><a href=\"https:\/\/www.facebook.com\/CaririEmAcao\/photos\/?tab=album&amp;album_id=1630738127062204\">CLIQUE AQUI E <\/a><strong><a href=\"https:\/\/www.facebook.com\/CaririEmAcao\/photos\/?tab=album&amp;album_id=1630738127062204\">VEJA FOTOS.<\/a><\/strong><\/p>\n","protected":false},"excerpt":{"rendered":"<p>A programa\u00e7\u00e3o cultural da tradicional festa de Nossa Senhora do Desterro, em Barreiras de Cara\u00fabas, no Cariri da Para\u00edba, teve seu primeiro dia de shows&hellip; <\/p>\n","protected":false},"author":2,"featured_media":111762,"comment_status":"closed","ping_status":"closed","sticky":false,"template":"","format":"standard","meta":{"sfsi_plus_gutenberg_text_before_share":"","sfsi_plus_gutenberg_show_text_before_share":"","sfsi_plus_gutenberg_icon_type":"","sfsi_plus_gutenberg_icon_alignemt":"","sfsi_plus_gutenburg_max_per_row":"","footnotes":""},"categories":[6,50],"tags":[],"class_list":["post-111761","post","type-post","status-publish","format-standard","has-post-thumbnail","hentry","category-cidades","category-destaque"],"_links":{"self":[{"href":"https:\/\/www.caririemacao.com\/1\/wp-json\/wp\/v2\/posts\/111761","targetHints":{"allow":["GET"]}}],"collection":[{"href":"https:\/\/www.caririemacao.com\/1\/wp-json\/wp\/v2\/posts"}],"about":[{"href":"https:\/\/www.caririemacao.com\/1\/wp-json\/wp\/v2\/types\/post"}],"author":[{"embeddable":true,"href":"https:\/\/www.caririemacao.com\/1\/wp-json\/wp\/v2\/users\/2"}],"replies":[{"embeddable":true,"href":"https:\/\/www.caririemacao.com\/1\/wp-json\/wp\/v2\/comments?post=111761"}],"version-history":[{"count":1,"href":"https:\/\/www.caririemacao.com\/1\/wp-json\/wp\/v2\/posts\/111761\/revisions"}],"predecessor-version":[{"id":111763,"href":"https:\/\/www.caririemacao.com\/1\/wp-json\/wp\/v2\/posts\/111761\/revisions\/111763"}],"wp:featuredmedia":[{"embeddable":true,"href":"https:\/\/www.caririemacao.com\/1\/wp-json\/wp\/v2\/media\/111762"}],"wp:attachment":[{"href":"https:\/\/www.caririemacao.com\/1\/wp-json\/wp\/v2\/media?parent=111761"}],"wp:term":[{"taxonomy":"category","embeddable":true,"href":"https:\/\/www.caririemacao.com\/1\/wp-json\/wp\/v2\/categories?post=111761"},{"taxonomy":"post_tag","embeddable":true,"href":"https:\/\/www.caririemacao.com\/1\/wp-json\/wp\/v2\/tags?post=111761"}],"curies":[{"name":"wp","href":"https:\/\/api.w.org\/{rel}","templated":true}]}}