{"id":111764,"date":"2019-08-24T21:41:18","date_gmt":"2019-08-25T00:41:18","guid":{"rendered":"http:\/\/www.caririemacao.com\/1\/?p=111764"},"modified":"2019-08-24T21:41:18","modified_gmt":"2019-08-25T00:41:18","slug":"missa-e-procissao-encerram-festa-da-padroeira-em-barreiras-de-caraubas-2","status":"publish","type":"post","link":"https:\/\/www.caririemacao.com\/1\/2019\/08\/24\/missa-e-procissao-encerram-festa-da-padroeira-em-barreiras-de-caraubas-2\/","title":{"rendered":"Missa e prociss\u00e3o encerram festa da padroeira em Barreiras de Cara\u00fabas"},"content":{"rendered":"\n<p>Uma multid\u00e3o de fi\u00e9is cat\u00f3licos estiveram participando neste s\u00e1bado, dia 24, do encerramento da Festa de N. Senhora do Desterro, padroeira do distrito de Barreiras, munic\u00edpio de Cara\u00fabas no Cariri paraibano.<\/p>\n\n\n\n<figure class=\"wp-block-image\"><img fetchpriority=\"high\" decoding=\"async\" width=\"1024\" height=\"682\" src=\"http:\/\/www.caririemacao.com\/1\/wp-content\/uploads\/2019\/08\/DSC_0070-1024x682.jpg\" alt=\"\" class=\"wp-image-111773\" srcset=\"https:\/\/www.caririemacao.com\/1\/wp-content\/uploads\/2019\/08\/DSC_0070-1024x682.jpg 1024w, https:\/\/www.caririemacao.com\/1\/wp-content\/uploads\/2019\/08\/DSC_0070-300x200.jpg 300w, https:\/\/www.caririemacao.com\/1\/wp-content\/uploads\/2019\/08\/DSC_0070-768x512.jpg 768w, https:\/\/www.caririemacao.com\/1\/wp-content\/uploads\/2019\/08\/DSC_0070.jpg 1280w\" sizes=\"(max-width: 1024px) 100vw, 1024px\" \/><\/figure>\n\n\n\n<p>A Celebra\u00e7\u00e3o Eucar\u00edstica foi presidida pelo padre Gustavo Ferreira, p\u00e1roco de Cara\u00fabas e concelebra\u00e7\u00e3o\u00a0pelo padre Cristine de Gurj\u00e3o. A programa\u00e7\u00e3o religiosa teve in\u00edcio no dia 22.<\/p>\n\n\n\n<figure class=\"wp-block-image\"><img decoding=\"async\" width=\"1024\" height=\"682\" data-src=\"http:\/\/www.caririemacao.com\/1\/wp-content\/uploads\/2019\/08\/DSC_0120-2-1024x682.jpg\" alt=\"\" class=\"wp-image-111774 lazyload\" data-srcset=\"https:\/\/www.caririemacao.com\/1\/wp-content\/uploads\/2019\/08\/DSC_0120-2-1024x682.jpg 1024w, https:\/\/www.caririemacao.com\/1\/wp-content\/uploads\/2019\/08\/DSC_0120-2-300x200.jpg 300w, https:\/\/www.caririemacao.com\/1\/wp-content\/uploads\/2019\/08\/DSC_0120-2-768x512.jpg 768w, https:\/\/www.caririemacao.com\/1\/wp-content\/uploads\/2019\/08\/DSC_0120-2.jpg 1280w\" data-sizes=\"(max-width: 1024px) 100vw, 1024px\" src=\"data:image\/svg+xml;base64,PHN2ZyB3aWR0aD0iMSIgaGVpZ2h0PSIxIiB4bWxucz0iaHR0cDovL3d3dy53My5vcmcvMjAwMC9zdmciPjwvc3ZnPg==\" style=\"--smush-placeholder-width: 1024px; --smush-placeholder-aspect-ratio: 1024\/682;\" \/><\/figure>\n\n\n\n<p>O encerramento foi marcado pela f\u00e9 de devotos que estiveram participando da Missa e da Prociss\u00e3o que teve o acompanhamento da Fanfarra do Servi\u00e7o de Conviv\u00eancia e Fortalecimento de V\u00ednculo da Prefeitura de Cara\u00fabas. <\/p>\n\n\n\n<figure class=\"wp-block-image\"><img decoding=\"async\" width=\"1024\" height=\"682\" data-src=\"http:\/\/www.caririemacao.com\/1\/wp-content\/uploads\/2019\/08\/DSC_0101-1024x682.jpg\" alt=\"\" class=\"wp-image-111775 lazyload\" data-srcset=\"https:\/\/www.caririemacao.com\/1\/wp-content\/uploads\/2019\/08\/DSC_0101-1024x682.jpg 1024w, https:\/\/www.caririemacao.com\/1\/wp-content\/uploads\/2019\/08\/DSC_0101-300x200.jpg 300w, https:\/\/www.caririemacao.com\/1\/wp-content\/uploads\/2019\/08\/DSC_0101-768x512.jpg 768w, https:\/\/www.caririemacao.com\/1\/wp-content\/uploads\/2019\/08\/DSC_0101.jpg 1280w\" data-sizes=\"(max-width: 1024px) 100vw, 1024px\" src=\"data:image\/svg+xml;base64,PHN2ZyB3aWR0aD0iMSIgaGVpZ2h0PSIxIiB4bWxucz0iaHR0cDovL3d3dy53My5vcmcvMjAwMC9zdmciPjwvc3ZnPg==\" style=\"--smush-placeholder-width: 1024px; --smush-placeholder-aspect-ratio: 1024\/682;\" \/><\/figure>\n\n\n\n<p>O momento ainda contou com a presen\u00e7a do prefeito Silvano\nDudu, e de vereadores e secret\u00e1rios.<\/p>\n\n\n\n<p><a href=\"https:\/\/www.facebook.com\/pg\/CaririEmAcao\/photos\/?tab=album&amp;album_id=1631041997031817\">CLIQUE AQUI E VEJA AS FOTOS FESTA DE\u00a0N. SENHORA DO DESTERRO 2019.<\/a><\/p>\n","protected":false},"excerpt":{"rendered":"<p>Uma multid\u00e3o de fi\u00e9is cat\u00f3licos estiveram participando neste s\u00e1bado, dia 24, do encerramento da Festa de N. Senhora do Desterro, padroeira do distrito de Barreiras,&hellip; <\/p>\n","protected":false},"author":2,"featured_media":111772,"comment_status":"closed","ping_status":"closed","sticky":false,"template":"","format":"standard","meta":{"sfsi_plus_gutenberg_text_before_share":"","sfsi_plus_gutenberg_show_text_before_share":"","sfsi_plus_gutenberg_icon_type":"","sfsi_plus_gutenberg_icon_alignemt":"","sfsi_plus_gutenburg_max_per_row":"","footnotes":""},"categories":[6,50],"tags":[],"class_list":["post-111764","post","type-post","status-publish","format-standard","has-post-thumbnail","hentry","category-cidades","category-destaque"],"_links":{"self":[{"href":"https:\/\/www.caririemacao.com\/1\/wp-json\/wp\/v2\/posts\/111764","targetHints":{"allow":["GET"]}}],"collection":[{"href":"https:\/\/www.caririemacao.com\/1\/wp-json\/wp\/v2\/posts"}],"about":[{"href":"https:\/\/www.caririemacao.com\/1\/wp-json\/wp\/v2\/types\/post"}],"author":[{"embeddable":true,"href":"https:\/\/www.caririemacao.com\/1\/wp-json\/wp\/v2\/users\/2"}],"replies":[{"embeddable":true,"href":"https:\/\/www.caririemacao.com\/1\/wp-json\/wp\/v2\/comments?post=111764"}],"version-history":[{"count":2,"href":"https:\/\/www.caririemacao.com\/1\/wp-json\/wp\/v2\/posts\/111764\/revisions"}],"predecessor-version":[{"id":111776,"href":"https:\/\/www.caririemacao.com\/1\/wp-json\/wp\/v2\/posts\/111764\/revisions\/111776"}],"wp:featuredmedia":[{"embeddable":true,"href":"https:\/\/www.caririemacao.com\/1\/wp-json\/wp\/v2\/media\/111772"}],"wp:attachment":[{"href":"https:\/\/www.caririemacao.com\/1\/wp-json\/wp\/v2\/media?parent=111764"}],"wp:term":[{"taxonomy":"category","embeddable":true,"href":"https:\/\/www.caririemacao.com\/1\/wp-json\/wp\/v2\/categories?post=111764"},{"taxonomy":"post_tag","embeddable":true,"href":"https:\/\/www.caririemacao.com\/1\/wp-json\/wp\/v2\/tags?post=111764"}],"curies":[{"name":"wp","href":"https:\/\/api.w.org\/{rel}","templated":true}]}}