{"id":111766,"date":"2019-08-24T21:37:04","date_gmt":"2019-08-25T00:37:04","guid":{"rendered":"http:\/\/www.caririemacao.com\/1\/?p=111766"},"modified":"2019-08-24T21:37:04","modified_gmt":"2019-08-25T00:37:04","slug":"prefeito-silvano-entrega-fardamento-e-instrumentos-musicais-a-fanfarra-do-scfv-de-barreiras-de-caraubas","status":"publish","type":"post","link":"https:\/\/www.caririemacao.com\/1\/2019\/08\/24\/prefeito-silvano-entrega-fardamento-e-instrumentos-musicais-a-fanfarra-do-scfv-de-barreiras-de-caraubas\/","title":{"rendered":"Prefeito Silvano entrega fardamento e instrumentos musicais \u00e0 Fanfarra do SCFV de Barreiras de Cara\u00fabas"},"content":{"rendered":"\n<p>A Prefeitura de Cara\u00fabas, por meio da Secretaria Municipal de Assist\u00eancia Social, entregou na tarde deste s\u00e1bado, dia 24, fardamento e equipamentos para a Fanfarra do Servi\u00e7o de Conviv\u00eancia e Fortalecimento de V\u00ednculos (SCFV) do Distrito de Barreiras de Cara\u00fabas, no Cariri Paraibano.<\/p>\n\n\n\n<figure class=\"wp-block-image\"><img fetchpriority=\"high\" decoding=\"async\" width=\"1024\" height=\"682\" src=\"http:\/\/www.caririemacao.com\/1\/wp-content\/uploads\/2019\/08\/DSC_0120-1-1024x682.jpg\" alt=\"\" class=\"wp-image-111769\" srcset=\"https:\/\/www.caririemacao.com\/1\/wp-content\/uploads\/2019\/08\/DSC_0120-1-1024x682.jpg 1024w, https:\/\/www.caririemacao.com\/1\/wp-content\/uploads\/2019\/08\/DSC_0120-1-300x200.jpg 300w, https:\/\/www.caririemacao.com\/1\/wp-content\/uploads\/2019\/08\/DSC_0120-1-768x512.jpg 768w, https:\/\/www.caririemacao.com\/1\/wp-content\/uploads\/2019\/08\/DSC_0120-1.jpg 1280w\" sizes=\"(max-width: 1024px) 100vw, 1024px\" \/><\/figure>\n\n\n\n<p>A fanfarra do SCFV, j\u00e1 com fardamento, se apresentou durante a prociss\u00e3o de encerramento da Festa de Nossa Senhora d Desterro, padroeira de Barreiras. A apresenta\u00e7\u00e3o chegou a emocionar o p\u00fablico presente, em especial, os pais dos integrantes da fanfarra, que al\u00e9m de ganhar o fardamento, tamb\u00e9m recebeu novos instrumentos musicais.<\/p>\n\n\n\n<figure class=\"wp-block-image\"><img decoding=\"async\" width=\"1024\" height=\"682\" data-src=\"http:\/\/www.caririemacao.com\/1\/wp-content\/uploads\/2019\/08\/DSC_0036-1024x682.jpg\" alt=\"\" class=\"wp-image-111770 lazyload\" data-srcset=\"https:\/\/www.caririemacao.com\/1\/wp-content\/uploads\/2019\/08\/DSC_0036-1024x682.jpg 1024w, https:\/\/www.caririemacao.com\/1\/wp-content\/uploads\/2019\/08\/DSC_0036-300x200.jpg 300w, https:\/\/www.caririemacao.com\/1\/wp-content\/uploads\/2019\/08\/DSC_0036-768x512.jpg 768w, https:\/\/www.caririemacao.com\/1\/wp-content\/uploads\/2019\/08\/DSC_0036.jpg 1280w\" data-sizes=\"(max-width: 1024px) 100vw, 1024px\" src=\"data:image\/svg+xml;base64,PHN2ZyB3aWR0aD0iMSIgaGVpZ2h0PSIxIiB4bWxucz0iaHR0cDovL3d3dy53My5vcmcvMjAwMC9zdmciPjwvc3ZnPg==\" style=\"--smush-placeholder-width: 1024px; --smush-placeholder-aspect-ratio: 1024\/682;\" \/><\/figure>\n\n\n\n<p>Silvano ressaltou que esse material ser\u00e1 de grande uso para a Fanfarra do SCFV. O trabalho realizado pela Fanfara \u00e9 muito bonito e deve ser incentivado para continuar dando bons frutos.<\/p>\n\n\n\n<p>Estiveram presente \u00e0 cerim\u00f4nia, o prefeito Silvano,\nvice-prefeito Z\u00e9 de Laura, secret\u00e1rios e vereadores caraubenses.<\/p>\n","protected":false},"excerpt":{"rendered":"<p>A Prefeitura de Cara\u00fabas, por meio da Secretaria Municipal de Assist\u00eancia Social, entregou na tarde deste s\u00e1bado, dia 24, fardamento e equipamentos para a Fanfarra&hellip; <\/p>\n","protected":false},"author":2,"featured_media":111768,"comment_status":"closed","ping_status":"closed","sticky":false,"template":"","format":"standard","meta":{"sfsi_plus_gutenberg_text_before_share":"","sfsi_plus_gutenberg_show_text_before_share":"","sfsi_plus_gutenberg_icon_type":"","sfsi_plus_gutenberg_icon_alignemt":"","sfsi_plus_gutenburg_max_per_row":"","footnotes":""},"categories":[50,2],"tags":[],"class_list":["post-111766","post","type-post","status-publish","format-standard","has-post-thumbnail","hentry","category-destaque","category-geral"],"_links":{"self":[{"href":"https:\/\/www.caririemacao.com\/1\/wp-json\/wp\/v2\/posts\/111766","targetHints":{"allow":["GET"]}}],"collection":[{"href":"https:\/\/www.caririemacao.com\/1\/wp-json\/wp\/v2\/posts"}],"about":[{"href":"https:\/\/www.caririemacao.com\/1\/wp-json\/wp\/v2\/types\/post"}],"author":[{"embeddable":true,"href":"https:\/\/www.caririemacao.com\/1\/wp-json\/wp\/v2\/users\/2"}],"replies":[{"embeddable":true,"href":"https:\/\/www.caririemacao.com\/1\/wp-json\/wp\/v2\/comments?post=111766"}],"version-history":[{"count":2,"href":"https:\/\/www.caririemacao.com\/1\/wp-json\/wp\/v2\/posts\/111766\/revisions"}],"predecessor-version":[{"id":111771,"href":"https:\/\/www.caririemacao.com\/1\/wp-json\/wp\/v2\/posts\/111766\/revisions\/111771"}],"wp:featuredmedia":[{"embeddable":true,"href":"https:\/\/www.caririemacao.com\/1\/wp-json\/wp\/v2\/media\/111768"}],"wp:attachment":[{"href":"https:\/\/www.caririemacao.com\/1\/wp-json\/wp\/v2\/media?parent=111766"}],"wp:term":[{"taxonomy":"category","embeddable":true,"href":"https:\/\/www.caririemacao.com\/1\/wp-json\/wp\/v2\/categories?post=111766"},{"taxonomy":"post_tag","embeddable":true,"href":"https:\/\/www.caririemacao.com\/1\/wp-json\/wp\/v2\/tags?post=111766"}],"curies":[{"name":"wp","href":"https:\/\/api.w.org\/{rel}","templated":true}]}}