{"id":111777,"date":"2019-08-25T10:51:13","date_gmt":"2019-08-25T13:51:13","guid":{"rendered":"http:\/\/www.caririemacao.com\/1\/?p=111777"},"modified":"2019-08-25T10:51:13","modified_gmt":"2019-08-25T13:51:13","slug":"cec-educacional-promove-01a-capacitacao-em-u-t-i","status":"publish","type":"post","link":"https:\/\/www.caririemacao.com\/1\/2019\/08\/25\/cec-educacional-promove-01a-capacitacao-em-u-t-i\/","title":{"rendered":"CEC EDUCACIONAL promove 01\u00aa Capacita\u00e7\u00e3o em U.T.I"},"content":{"rendered":"\n<p>O CEC EDUCACIONAL est\u00e1 promovendo mais um importante capacita\u00e7\u00e3o e trazendo um dos cursos mais conceituados e aguardados por profissionais e estudantes da \u00e1rea da sa\u00fade.<br>Trata-se da 01\u00aa Capacita\u00e7\u00e3o em U.T.I do CEC.<br>O curso \u00e9 voltado para\u00a0\u00a0enfermeiros, t\u00e9cnicos e estudantes de Enfermagem e ser\u00e1 ministrado aos S\u00e1bados no hor\u00e1rio de 08:00 as 17:00 hs ou uma segunda op\u00e7\u00e3o nas Sextas, de 18:40 as 21:20 hs\u00a0\u00a0em 15 dias de aulas.<br>O\u00a0In\u00edcio do curso ser\u00e1 em 29 de Setembro, ent\u00e3o os interessados devem garantir logo as suas inscri\u00e7\u00f5es.<br>O valor do investimento ser\u00e1 de 600 reais a vista, ou nos cart\u00f5es de cr\u00e9dito.<br>O curso ainda inclui Material Did\u00e1tico+ 04 Certificados:( Capacita\u00e7\u00e3o em Unidade de Terapia Intensiva; Gasometria Arterial; E.C.G e Ventila\u00e7\u00e3o Mec\u00e2nica.<br>Uma parceria CTE SA\u00daDE e CEC EDUCACIONAL.<br>Informa\u00e7\u00f5es:\u00a0via WhatsApp 83 9 9675-6570<\/p>\n","protected":false},"excerpt":{"rendered":"<p>O CEC EDUCACIONAL est\u00e1 promovendo mais um importante capacita\u00e7\u00e3o e trazendo um dos cursos mais conceituados e aguardados por profissionais e estudantes da \u00e1rea da&hellip; <\/p>\n","protected":false},"author":1,"featured_media":111778,"comment_status":"closed","ping_status":"closed","sticky":false,"template":"","format":"standard","meta":{"sfsi_plus_gutenberg_text_before_share":"","sfsi_plus_gutenberg_show_text_before_share":"","sfsi_plus_gutenberg_icon_type":"","sfsi_plus_gutenberg_icon_alignemt":"","sfsi_plus_gutenburg_max_per_row":"","footnotes":""},"categories":[2],"tags":[],"class_list":["post-111777","post","type-post","status-publish","format-standard","has-post-thumbnail","hentry","category-geral"],"_links":{"self":[{"href":"https:\/\/www.caririemacao.com\/1\/wp-json\/wp\/v2\/posts\/111777","targetHints":{"allow":["GET"]}}],"collection":[{"href":"https:\/\/www.caririemacao.com\/1\/wp-json\/wp\/v2\/posts"}],"about":[{"href":"https:\/\/www.caririemacao.com\/1\/wp-json\/wp\/v2\/types\/post"}],"author":[{"embeddable":true,"href":"https:\/\/www.caririemacao.com\/1\/wp-json\/wp\/v2\/users\/1"}],"replies":[{"embeddable":true,"href":"https:\/\/www.caririemacao.com\/1\/wp-json\/wp\/v2\/comments?post=111777"}],"version-history":[{"count":1,"href":"https:\/\/www.caririemacao.com\/1\/wp-json\/wp\/v2\/posts\/111777\/revisions"}],"predecessor-version":[{"id":111779,"href":"https:\/\/www.caririemacao.com\/1\/wp-json\/wp\/v2\/posts\/111777\/revisions\/111779"}],"wp:featuredmedia":[{"embeddable":true,"href":"https:\/\/www.caririemacao.com\/1\/wp-json\/wp\/v2\/media\/111778"}],"wp:attachment":[{"href":"https:\/\/www.caririemacao.com\/1\/wp-json\/wp\/v2\/media?parent=111777"}],"wp:term":[{"taxonomy":"category","embeddable":true,"href":"https:\/\/www.caririemacao.com\/1\/wp-json\/wp\/v2\/categories?post=111777"},{"taxonomy":"post_tag","embeddable":true,"href":"https:\/\/www.caririemacao.com\/1\/wp-json\/wp\/v2\/tags?post=111777"}],"curies":[{"name":"wp","href":"https:\/\/api.w.org\/{rel}","templated":true}]}}