{"id":111782,"date":"2019-08-25T10:52:42","date_gmt":"2019-08-25T13:52:42","guid":{"rendered":"http:\/\/www.caririemacao.com\/1\/?p=111782"},"modified":"2019-08-25T10:52:42","modified_gmt":"2019-08-25T13:52:42","slug":"prefeitura-de-sao-sebastiao-do-umbuzeiro-realiza-recuperacao-de-estradas-rurais","status":"publish","type":"post","link":"https:\/\/www.caririemacao.com\/1\/2019\/08\/25\/prefeitura-de-sao-sebastiao-do-umbuzeiro-realiza-recuperacao-de-estradas-rurais\/","title":{"rendered":"Prefeitura de S\u00e3o Sebasti\u00e3o do Umbuzeiro realiza recupera\u00e7\u00e3o de estradas rurais"},"content":{"rendered":"\n<figure class=\"wp-block-image\"><a href=\"https:\/\/1.bp.blogspot.com\/-OXKILJhX2T8\/XWAocWZoxFI\/AAAAAAAAknY\/uJGigFjqlSEAnofd0HAKN6sDzr8Rt5pagCLcBGAs\/s1600\/004.jpeg\"><img decoding=\"async\" data-src=\"https:\/\/1.bp.blogspot.com\/-OXKILJhX2T8\/XWAocWZoxFI\/AAAAAAAAknY\/uJGigFjqlSEAnofd0HAKN6sDzr8Rt5pagCLcBGAs\/s320\/004.jpeg\" alt=\"\" src=\"data:image\/svg+xml;base64,PHN2ZyB3aWR0aD0iMSIgaGVpZ2h0PSIxIiB4bWxucz0iaHR0cDovL3d3dy53My5vcmcvMjAwMC9zdmciPjwvc3ZnPg==\" class=\"lazyload\" \/><\/a><\/figure>\n\n\n\n<p>A Prefeitura de S\u00e3o Sebasti\u00e3o do Umbuzeiro, atrav\u00e9s da Secretaria de Agricultura, segue realizando a manuten\u00e7\u00e3o e recupera\u00e7\u00e3o de estradas na zona rural do munic\u00edpio.<br><\/p>\n\n\n\n<figure class=\"wp-block-image\"><a href=\"http:\/\/www.blogdodidi.com.br\/wp-content\/uploads\/2019\/08\/estradas-ssu-626x380.jpg\"><img decoding=\"async\" data-src=\"https:\/\/lh5.googleusercontent.com\/proxy\/EHypac5oap3ae0z2NO48yzBzix_vyH4_0kd2JYAOau1ngohVjPJ8vUJbwfGbSvNXf0NFYzDpJrEtnnc9jo_G1alveNYfvzuNaBC2nHDGpuQoOPZvLklITK12Ag3SWY1Q2mVBfg=s0-d\" alt=\"Prefeitura de S\u00c3\u00a3o Sebasti\u00c3\u00a3o do Umbuzeiro realiza recupera\u00c3\u00a7\u00c3\u00a3o de estradas rurais\" src=\"data:image\/svg+xml;base64,PHN2ZyB3aWR0aD0iMSIgaGVpZ2h0PSIxIiB4bWxucz0iaHR0cDovL3d3dy53My5vcmcvMjAwMC9zdmciPjwvc3ZnPg==\" class=\"lazyload\" \/><\/a><\/figure>\n\n\n\n<p>Durante esta semana, os servi\u00e7os foram realizados na regi\u00e3o do S\u00edtio Estrela Dalva, dando continuidade ao cronograma da gest\u00e3o, que ir\u00e1 recuperar todas as estradas rurais.&nbsp;<br>O Prefeito Adriano Wolff destacou que as a\u00e7\u00f5es est\u00e3o sendo feitas com recursos pr\u00f3prios, e destacou tamb\u00e9m, que a prefeitura est\u00e1 realizou a recupera\u00e7\u00e3o da estrada que liga a sede do munic\u00edpio at\u00e9 a divisa do Estado de Pernambuco, melhorando o acesso e tr\u00e1fego no local.<br><strong>Com BLOG DO DIDI<\/strong><\/p>\n","protected":false},"excerpt":{"rendered":"<p>A Prefeitura de S\u00e3o Sebasti\u00e3o do Umbuzeiro, atrav\u00e9s da Secretaria de Agricultura, segue realizando a manuten\u00e7\u00e3o e recupera\u00e7\u00e3o de estradas na zona rural do munic\u00edpio.&hellip; <\/p>\n","protected":false},"author":1,"featured_media":111783,"comment_status":"closed","ping_status":"closed","sticky":false,"template":"","format":"standard","meta":{"sfsi_plus_gutenberg_text_before_share":"","sfsi_plus_gutenberg_show_text_before_share":"","sfsi_plus_gutenberg_icon_type":"","sfsi_plus_gutenberg_icon_alignemt":"","sfsi_plus_gutenburg_max_per_row":"","footnotes":""},"categories":[6,50],"tags":[],"class_list":["post-111782","post","type-post","status-publish","format-standard","has-post-thumbnail","hentry","category-cidades","category-destaque"],"_links":{"self":[{"href":"https:\/\/www.caririemacao.com\/1\/wp-json\/wp\/v2\/posts\/111782","targetHints":{"allow":["GET"]}}],"collection":[{"href":"https:\/\/www.caririemacao.com\/1\/wp-json\/wp\/v2\/posts"}],"about":[{"href":"https:\/\/www.caririemacao.com\/1\/wp-json\/wp\/v2\/types\/post"}],"author":[{"embeddable":true,"href":"https:\/\/www.caririemacao.com\/1\/wp-json\/wp\/v2\/users\/1"}],"replies":[{"embeddable":true,"href":"https:\/\/www.caririemacao.com\/1\/wp-json\/wp\/v2\/comments?post=111782"}],"version-history":[{"count":1,"href":"https:\/\/www.caririemacao.com\/1\/wp-json\/wp\/v2\/posts\/111782\/revisions"}],"predecessor-version":[{"id":111784,"href":"https:\/\/www.caririemacao.com\/1\/wp-json\/wp\/v2\/posts\/111782\/revisions\/111784"}],"wp:featuredmedia":[{"embeddable":true,"href":"https:\/\/www.caririemacao.com\/1\/wp-json\/wp\/v2\/media\/111783"}],"wp:attachment":[{"href":"https:\/\/www.caririemacao.com\/1\/wp-json\/wp\/v2\/media?parent=111782"}],"wp:term":[{"taxonomy":"category","embeddable":true,"href":"https:\/\/www.caririemacao.com\/1\/wp-json\/wp\/v2\/categories?post=111782"},{"taxonomy":"post_tag","embeddable":true,"href":"https:\/\/www.caririemacao.com\/1\/wp-json\/wp\/v2\/tags?post=111782"}],"curies":[{"name":"wp","href":"https:\/\/api.w.org\/{rel}","templated":true}]}}