{"id":111787,"date":"2019-08-25T10:56:03","date_gmt":"2019-08-25T13:56:03","guid":{"rendered":"http:\/\/www.caririemacao.com\/1\/?p=111787"},"modified":"2019-08-25T10:56:03","modified_gmt":"2019-08-25T13:56:03","slug":"homem-sofre-tentativa-de-homicidio-em-bar-na-regiao-do-cariri","status":"publish","type":"post","link":"https:\/\/www.caririemacao.com\/1\/2019\/08\/25\/homem-sofre-tentativa-de-homicidio-em-bar-na-regiao-do-cariri\/","title":{"rendered":"Homem sofre tentativa de homic\u00eddio em bar na regi\u00e3o do Cariri"},"content":{"rendered":"\n<p>Uma tentativa de homic\u00eddio foi registrada neste \u00faltimo s\u00e1bado(24) na cidade de Monteiro, Cariri da Para\u00edba. Segundo informa\u00e7\u00f5es, um homem de 29 anos de idade, conhecido por Jos\u00e9 Moacir foi esfaqueado em um bar localizado no Sitio Picos, zona rural de Monteiro.<\/p>\n\n\n\n<p>A vitima foi socorrida pelo Samu para o Hospital Santa Filomena e ap\u00f3s os primeiros atendimentos foi transferida para o Hospital de Emerg\u00eancia e Trauma de Campina Grande.<\/p>\n\n\n\n<p>O acusado que se evadiu do local ap\u00f3s a pratica do delito, se trata de um ex-presidi\u00e1rio que reside em Sert\u00e2nia, no Pernambuco. Os familiares da vitima n\u00e3o souberam informar o que teria motivado a tentativa de homic\u00eddio.<\/p>\n\n\n\n<p><em>Informa\u00e7\u00f5es R\u00e1dio Cidade de Sum\u00e9<\/em><\/p>\n","protected":false},"excerpt":{"rendered":"<p>Uma tentativa de homic\u00eddio foi registrada neste \u00faltimo s\u00e1bado(24) na cidade de Monteiro, Cariri da Para\u00edba. Segundo informa\u00e7\u00f5es, um homem de 29 anos de idade,&hellip; <\/p>\n","protected":false},"author":1,"featured_media":101675,"comment_status":"closed","ping_status":"closed","sticky":false,"template":"","format":"standard","meta":{"sfsi_plus_gutenberg_text_before_share":"","sfsi_plus_gutenberg_show_text_before_share":"","sfsi_plus_gutenberg_icon_type":"","sfsi_plus_gutenberg_icon_alignemt":"","sfsi_plus_gutenburg_max_per_row":"","footnotes":""},"categories":[50,12],"tags":[],"class_list":["post-111787","post","type-post","status-publish","format-standard","has-post-thumbnail","hentry","category-destaque","category-policia"],"_links":{"self":[{"href":"https:\/\/www.caririemacao.com\/1\/wp-json\/wp\/v2\/posts\/111787","targetHints":{"allow":["GET"]}}],"collection":[{"href":"https:\/\/www.caririemacao.com\/1\/wp-json\/wp\/v2\/posts"}],"about":[{"href":"https:\/\/www.caririemacao.com\/1\/wp-json\/wp\/v2\/types\/post"}],"author":[{"embeddable":true,"href":"https:\/\/www.caririemacao.com\/1\/wp-json\/wp\/v2\/users\/1"}],"replies":[{"embeddable":true,"href":"https:\/\/www.caririemacao.com\/1\/wp-json\/wp\/v2\/comments?post=111787"}],"version-history":[{"count":1,"href":"https:\/\/www.caririemacao.com\/1\/wp-json\/wp\/v2\/posts\/111787\/revisions"}],"predecessor-version":[{"id":111788,"href":"https:\/\/www.caririemacao.com\/1\/wp-json\/wp\/v2\/posts\/111787\/revisions\/111788"}],"wp:featuredmedia":[{"embeddable":true,"href":"https:\/\/www.caririemacao.com\/1\/wp-json\/wp\/v2\/media\/101675"}],"wp:attachment":[{"href":"https:\/\/www.caririemacao.com\/1\/wp-json\/wp\/v2\/media?parent=111787"}],"wp:term":[{"taxonomy":"category","embeddable":true,"href":"https:\/\/www.caririemacao.com\/1\/wp-json\/wp\/v2\/categories?post=111787"},{"taxonomy":"post_tag","embeddable":true,"href":"https:\/\/www.caririemacao.com\/1\/wp-json\/wp\/v2\/tags?post=111787"}],"curies":[{"name":"wp","href":"https:\/\/api.w.org\/{rel}","templated":true}]}}