{"id":111791,"date":"2019-08-25T10:59:06","date_gmt":"2019-08-25T13:59:06","guid":{"rendered":"http:\/\/www.caririemacao.com\/1\/?p=111791"},"modified":"2019-08-25T10:59:06","modified_gmt":"2019-08-25T13:59:06","slug":"ministro-autoriza-envio-da-forca-nacional-para-combater-desmatamento","status":"publish","type":"post","link":"https:\/\/www.caririemacao.com\/1\/2019\/08\/25\/ministro-autoriza-envio-da-forca-nacional-para-combater-desmatamento\/","title":{"rendered":"Ministro autoriza envio da For\u00e7a Nacional para combater desmatamento"},"content":{"rendered":"\n<p><br>O ministro da Justi\u00e7a e Seguran\u00e7a P\u00fablica, Sergio Moro, autorizou hoje (24) o uso de efetivo da For\u00e7a Nacional para apoiar o Instituto Nacional do Meio Ambiente e dos Recursos Naturais Renov\u00e1veis (Ibama) no combate ao desmatamento ilegal no Par\u00e1 e em Rond\u00f4nia.<\/p>\n\n\n\n<p>A autoriza\u00e7\u00e3o est\u00e1 em uma portaria assinada pelo ministro e ter\u00e1 validade at\u00e9 31 de outubro. O efetivo que ser\u00e1 usado na opera\u00e7\u00e3o ainda n\u00e3o foi definido, segundo a pasta.<\/p>\n\n\n\n<p>\u201cO ministro da Justi\u00e7a e Seguran\u00e7a P\u00fablica resolve autorizar o emprego da For\u00e7a Nacional de Seguran\u00e7a P\u00fablica em apoio ao Instituto Brasileiro do Meio Ambiente e dos Recursos Naturais Renov\u00e1veis, em car\u00e1ter epis\u00f3dico e planejado, nas a\u00e7\u00f5es de combate ao desmatamento ilegal da floresta Amaz\u00f4nica, nos locais de alertas de desmatamento identificados pelo sistema DETER\/INPE, no estado do Par\u00e1 e no estado de Rond\u00f4nia, em atividades e servi\u00e7os imprescind\u00edveis \u00e0 preserva\u00e7\u00e3o da ordem p\u00fablica e da incolumidade das pessoas e do patrim\u00f4nio\u201d, definiu a portaria que ser\u00e1 publicada no Di\u00e1rio Oficial da Uni\u00e3o na segunda-feira (26).<\/p>\n\n\n\n<div class=\"wp-block-image\"><figure class=\"aligncenter\"><img decoding=\"async\" data-src=\"https:\/\/paraibaonline.com.br\/wp-content\/uploads\/2019\/08\/FOR%C3%87A-NACIONAL.jpg\" alt=\"Foto: Ag\u00eancia Brasil\" class=\"wp-image-760367 lazyload\" src=\"data:image\/svg+xml;base64,PHN2ZyB3aWR0aD0iMSIgaGVpZ2h0PSIxIiB4bWxucz0iaHR0cDovL3d3dy53My5vcmcvMjAwMC9zdmciPjwvc3ZnPg==\" \/><\/figure><\/div>\n\n\n\n<p>Mais cedo, o ministro da Defesa, Fernando Azevedo e Silva, disse que a ades\u00e3o dos governos locais \u00e9 importante para que o trabalho do Executivo federal de combate a crimes ambientais e a inc\u00eandios florestais n\u00e3o se limite \u00e0s \u00e1reas federais.<\/p>\n\n\n\n<p>Ontem (23), o presidente Jair Bolsonaro assinou o decreto que autoriza o emprego das For\u00e7as Armadas no combate aos inc\u00eandios na Floresta Amaz\u00f4nica.<\/p>\n\n\n\n<p>O decreto de Garantia da Lei e da Ordem (GLO) vale para \u00e1reas de fronteira, terras ind\u00edgenas, unidades federais de conserva\u00e7\u00e3o ambiental e outras \u00e1reas da Amaz\u00f4nia Legal.<\/p>\n","protected":false},"excerpt":{"rendered":"<p>O ministro da Justi\u00e7a e Seguran\u00e7a P\u00fablica, Sergio Moro, autorizou hoje (24) o uso de efetivo da For\u00e7a Nacional para apoiar o Instituto Nacional do&hellip; <\/p>\n","protected":false},"author":1,"featured_media":111792,"comment_status":"closed","ping_status":"closed","sticky":false,"template":"","format":"standard","meta":{"sfsi_plus_gutenberg_text_before_share":"","sfsi_plus_gutenberg_show_text_before_share":"","sfsi_plus_gutenberg_icon_type":"","sfsi_plus_gutenberg_icon_alignemt":"","sfsi_plus_gutenburg_max_per_row":"","footnotes":""},"categories":[11],"tags":[],"class_list":["post-111791","post","type-post","status-publish","format-standard","has-post-thumbnail","hentry","category-politica"],"_links":{"self":[{"href":"https:\/\/www.caririemacao.com\/1\/wp-json\/wp\/v2\/posts\/111791","targetHints":{"allow":["GET"]}}],"collection":[{"href":"https:\/\/www.caririemacao.com\/1\/wp-json\/wp\/v2\/posts"}],"about":[{"href":"https:\/\/www.caririemacao.com\/1\/wp-json\/wp\/v2\/types\/post"}],"author":[{"embeddable":true,"href":"https:\/\/www.caririemacao.com\/1\/wp-json\/wp\/v2\/users\/1"}],"replies":[{"embeddable":true,"href":"https:\/\/www.caririemacao.com\/1\/wp-json\/wp\/v2\/comments?post=111791"}],"version-history":[{"count":1,"href":"https:\/\/www.caririemacao.com\/1\/wp-json\/wp\/v2\/posts\/111791\/revisions"}],"predecessor-version":[{"id":111793,"href":"https:\/\/www.caririemacao.com\/1\/wp-json\/wp\/v2\/posts\/111791\/revisions\/111793"}],"wp:featuredmedia":[{"embeddable":true,"href":"https:\/\/www.caririemacao.com\/1\/wp-json\/wp\/v2\/media\/111792"}],"wp:attachment":[{"href":"https:\/\/www.caririemacao.com\/1\/wp-json\/wp\/v2\/media?parent=111791"}],"wp:term":[{"taxonomy":"category","embeddable":true,"href":"https:\/\/www.caririemacao.com\/1\/wp-json\/wp\/v2\/categories?post=111791"},{"taxonomy":"post_tag","embeddable":true,"href":"https:\/\/www.caririemacao.com\/1\/wp-json\/wp\/v2\/tags?post=111791"}],"curies":[{"name":"wp","href":"https:\/\/api.w.org\/{rel}","templated":true}]}}