{"id":111803,"date":"2019-08-25T11:13:30","date_gmt":"2019-08-25T14:13:30","guid":{"rendered":"http:\/\/www.caririemacao.com\/1\/?p=111803"},"modified":"2019-08-25T11:13:30","modified_gmt":"2019-08-25T14:13:30","slug":"encceja-e-aplicado-neste-domingo-em-611-municipios-brasileiros","status":"publish","type":"post","link":"https:\/\/www.caririemacao.com\/1\/2019\/08\/25\/encceja-e-aplicado-neste-domingo-em-611-municipios-brasileiros\/","title":{"rendered":"Encceja \u00e9 aplicado neste domingo em 611 munic\u00edpios brasileiros"},"content":{"rendered":"\n<p>Pessoas que n\u00e3o terminaram os estudos na idade adequada fazem&nbsp;neste domingo (25) a prova do Exame Nacional para Certifica\u00e7\u00e3o de Compet\u00eancias de Jovens e Adultos (Encceja), para obter a certifica\u00e7\u00e3o de conclus\u00e3o do ensino fundamental ou m\u00e9dio. Ser\u00e3o quatro provas objetivas, cada uma com 30 quest\u00f5es de m\u00faltipla escolha, e uma reda\u00e7\u00e3o.&nbsp;<\/p>\n\n\n\n<p>As provas ser\u00e3o aplicadas&nbsp;611 munic\u00edpios. Os port\u00f5es de acesso aos locais do exame ser\u00e3o abertos \u00e0s 8h e fechados \u00e0s 8h45 para as provas aplicadas pela manh\u00e3. \u00c0 tarde, os candidatos podem entrar as 14h30 at\u00e9 15h15, de acordo com o hor\u00e1rio oficial de Bras\u00edlia.<\/p>\n\n\n\n<p>O Instituto Nacional de Estudos e Pesquisas Educacionais An\u00edsio Teixeira (Inep), organizador do exame,&nbsp;recomenda que todos os participantes estejam com o Cart\u00e3o&nbsp; de Confirma\u00e7\u00e3o impresso no dia da prova, apesar de a&nbsp;apresenta\u00e7\u00e3o n\u00e3o ser&nbsp;obrigat\u00f3ria para a realiza\u00e7\u00e3o do exame. O documento traz&nbsp;endere\u00e7o, data, local, n\u00famero de inscri\u00e7\u00e3o,&nbsp;hor\u00e1rio das provas, indica\u00e7\u00e3o das \u00e1reas de conhecimento e do n\u00edvel de ensino, solicita\u00e7\u00e3o de atendimento especializado e&nbsp;nome social, se for o caso.<\/p>\n\n\n\n<p>Para chegar ao cart\u00e3o de confirma\u00e7\u00e3o o estudante deve acessar a&nbsp;<a href=\"http:\/\/portal.inep.gov.br\/web\/guest\/educacao-basica\/encceja\" target=\"_blank\" rel=\"noreferrer noopener\">p\u00e1gina do Encceja<\/a>&nbsp;e, no sistema, clicar em \u201cp\u00e1gina do participante\u201d. A pr\u00f3xima etapa \u00e9 preencher os campos de CPF, senha, selecionar a figura indicada, e clicar em \u201cenviar\u201d. A p\u00e1gina ser\u00e1 diretamente direcionada \u00e0 imagem do Cart\u00e3o de Confirma\u00e7\u00e3o de Inscri\u00e7\u00e3o na qual o participante encontrar\u00e1 o endere\u00e7o do local onde far\u00e1 a prova.<\/p>\n\n\n\n<p>Veja v\u00eddeo explicativo do Inep sobre a consulta sobre o Cart\u00e3o de Inscri\u00e7\u00e3o.&nbsp;<\/p>\n\n\n\n<figure><iframe allowfullscreen=\"\" data-src=\"https:\/\/www.youtube.com\/embed\/Psl4kuMwtrk\" src=\"data:image\/svg+xml;base64,PHN2ZyB3aWR0aD0iMSIgaGVpZ2h0PSIxIiB4bWxucz0iaHR0cDovL3d3dy53My5vcmcvMjAwMC9zdmciPjwvc3ZnPg==\" class=\"lazyload\" data-load-mode=\"1\"><\/iframe><\/figure>\n","protected":false},"excerpt":{"rendered":"<p>Pessoas que n\u00e3o terminaram os estudos na idade adequada fazem&nbsp;neste domingo (25) a prova do Exame Nacional para Certifica\u00e7\u00e3o de Compet\u00eancias de Jovens e Adultos&hellip; <\/p>\n","protected":false},"author":1,"featured_media":41037,"comment_status":"closed","ping_status":"closed","sticky":false,"template":"","format":"standard","meta":{"sfsi_plus_gutenberg_text_before_share":"","sfsi_plus_gutenberg_show_text_before_share":"","sfsi_plus_gutenberg_icon_type":"","sfsi_plus_gutenberg_icon_alignemt":"","sfsi_plus_gutenburg_max_per_row":"","footnotes":""},"categories":[14],"tags":[],"class_list":["post-111803","post","type-post","status-publish","format-standard","has-post-thumbnail","hentry","category-educacao"],"_links":{"self":[{"href":"https:\/\/www.caririemacao.com\/1\/wp-json\/wp\/v2\/posts\/111803","targetHints":{"allow":["GET"]}}],"collection":[{"href":"https:\/\/www.caririemacao.com\/1\/wp-json\/wp\/v2\/posts"}],"about":[{"href":"https:\/\/www.caririemacao.com\/1\/wp-json\/wp\/v2\/types\/post"}],"author":[{"embeddable":true,"href":"https:\/\/www.caririemacao.com\/1\/wp-json\/wp\/v2\/users\/1"}],"replies":[{"embeddable":true,"href":"https:\/\/www.caririemacao.com\/1\/wp-json\/wp\/v2\/comments?post=111803"}],"version-history":[{"count":1,"href":"https:\/\/www.caririemacao.com\/1\/wp-json\/wp\/v2\/posts\/111803\/revisions"}],"predecessor-version":[{"id":111804,"href":"https:\/\/www.caririemacao.com\/1\/wp-json\/wp\/v2\/posts\/111803\/revisions\/111804"}],"wp:featuredmedia":[{"embeddable":true,"href":"https:\/\/www.caririemacao.com\/1\/wp-json\/wp\/v2\/media\/41037"}],"wp:attachment":[{"href":"https:\/\/www.caririemacao.com\/1\/wp-json\/wp\/v2\/media?parent=111803"}],"wp:term":[{"taxonomy":"category","embeddable":true,"href":"https:\/\/www.caririemacao.com\/1\/wp-json\/wp\/v2\/categories?post=111803"},{"taxonomy":"post_tag","embeddable":true,"href":"https:\/\/www.caririemacao.com\/1\/wp-json\/wp\/v2\/tags?post=111803"}],"curies":[{"name":"wp","href":"https:\/\/api.w.org\/{rel}","templated":true}]}}