{"id":111807,"date":"2019-08-25T11:15:39","date_gmt":"2019-08-25T14:15:39","guid":{"rendered":"http:\/\/www.caririemacao.com\/1\/?p=111807"},"modified":"2019-08-25T11:15:39","modified_gmt":"2019-08-25T14:15:39","slug":"agencia-brasil-destaca-ensino-integral-da-paraiba-e-cita-foco-no-protagonismo-juvenil","status":"publish","type":"post","link":"https:\/\/www.caririemacao.com\/1\/2019\/08\/25\/agencia-brasil-destaca-ensino-integral-da-paraiba-e-cita-foco-no-protagonismo-juvenil\/","title":{"rendered":"Ag\u00eancia Brasil destaca ensino integral da Para\u00edba e cita foco no protagonismo juvenil"},"content":{"rendered":"\n<p>A Ag\u00eancia Brasil, parte integrante da Empresa Brasil de Comunica\u00e7\u00e3o, do Governo Federal, publicou reportagem neste s\u00e1bado (24) destacando o protagonismo juvenil no ensino integral das escolas estaduais da Para\u00edba. A mat\u00e9ria cita que o modelo foi implantado desde 2016 no Estado e que ele virou modelo pedag\u00f3gico e de gest\u00e3o escolar.<\/p>\n\n\n\n<p>Veja na \u00edntegra.<\/p>\n\n\n\n<p><strong>Experi\u00eancia de ensino integral na PB tem foco no protagonismo juvenil<\/strong><\/p>\n\n\n\n<p><em>A rede p\u00fablica do estado da Para\u00edba trabalha, desde 2016, um modelo pedag\u00f3gico e de gest\u00e3o escolar centrado no protagonismo juvenil e no projeto de vida dos estudantes.<\/em><\/p>\n\n\n\n<p><em>O Programa das Escolas Cidad\u00e3s Integrais (ECIs) e Escolas Cidad\u00e3s Integrais T\u00e9cnicas (ECITs) oferece 45 mil vagas para estudantes em cerca de 150 escolas.<\/em><\/p>\n\n\n\n<p><em>A jornada dos alunos \u00e9 de nove horas, incluindo tr\u00eas refei\u00e7\u00f5es di\u00e1rias. A metodologia foi implantada para os alunos do ensino m\u00e9dio, e, em algumas escolas, envolve tamb\u00e9m os alunos do 6\u00ba ao 9\u00ba ano, do ensino fundamental.<\/em><\/p>\n\n\n\n<p><em>A articula\u00e7\u00e3o dos conte\u00fados da Base Nacional Comum com o curr\u00edculo da parte diversificada visa formar cidad\u00e3os aut\u00f4nomos, solid\u00e1rios, competentes e socialmente ativos, com capacidade para o exerc\u00edcio da cidadania e habilidades para o mundo do trabalho.<\/em><\/p>\n\n\n\n<p><em>Segundo o secret\u00e1rio de Estado da Educa\u00e7\u00e3o da Para\u00edba, Al\u00e9ssio Trindade, a proposta curricular proporciona aos estudantes uma aprendizagem significativa. \u201cAs escolas se abriram para uma intera\u00e7\u00e3o efetiva com a comunidade e as empresas do entorno, e os estudantes vivenciaram atividades pr\u00e1ticas, criaram tecnologias sociais e elaboraram projetos com solu\u00e7\u00f5es de problemas reais enfrentado no cotidiano as empresas e da comunidade onde vivem\u201d.<\/em><\/p>\n\n\n\n<p><em>Os alunos t\u00eam aulas de estudo orientado, para auxiliar nas disciplinas em que sentem dificuldades; prepara\u00e7\u00e3o acad\u00eamica, para ajudar a dar continuidade aos estudos ap\u00f3s o ensino m\u00e9dio; prepara\u00e7\u00e3o para o mercado de trabalho com os cursos t\u00e9cnicos; disciplinas eletivas para o enriquecimento cultural, de aprofundamento ou atualiza\u00e7\u00e3o de conhecimentos espec\u00edficos que complementem a forma\u00e7\u00e3o acad\u00eamica; tutoria e aux\u00edlio na elabora\u00e7\u00e3o do projeto de vida, que consiste em um plano para o futuro do estudante.<\/em><\/p>\n\n\n\n<p><em>As unidades de ensino contam com equipamentos adequados para atividades te\u00f3ricas e pr\u00e1ticas. A estrutura conta com laborat\u00f3rios de rob\u00f3tica, inform\u00e1tica, matem\u00e1tica, qu\u00edmica, biologia e l\u00ednguas, al\u00e9m de sistemas port\u00e1teis de impressoras 3D em cada unidade.<\/em><\/p>\n\n\n\n<p><em>Para o estudante F\u00e1bio Dantas, que concluiu o ensino m\u00e9dio em 2017 na ECIT Erenice Cavalcante Dias, em Bayeux, regi\u00e3o metropolitana de Jo\u00e3o Pessoa, a experi\u00eancia de participar de atividades em uma empresa pedag\u00f3gica foi definitiva para forma\u00e7\u00e3o acad\u00eamica e carreira profissional. Ele participou de uma disciplina na Ecoclima-Empresa Junior de Refrigera\u00e7\u00e3o que teve como proposta desenvolver nos estudantes o senso cr\u00edtico e empreendedor. \u201cEscolhi qual rumo profissional tomar ap\u00f3s conhecer uma empresa e tenho confian\u00e7a que me destacarei no mercado, pois aprendi como me comportar em um ambiente de trabalho e como melhorar como profissional\u201d, disse o estudante.<\/em><\/p>\n\n\n\n<p><em>Para assessora de Educa\u00e7\u00e3o do Ita\u00fa BBA, instituto parceiro do governo da Para\u00edba na implanta\u00e7\u00e3o das pr\u00e1ticas inovadoras nas ECITs, Carla Chiamareli, as metodologias de educa\u00e7\u00e3o integral est\u00e3o muito focadas no protagonismo juvenil.<\/em><\/p>\n\n\n\n<p><em>\u201cN\u00e3o \u00e9 somente o tempo integral, mas quando se tem uma carga hor\u00e1ria mais estendida \u00e9 poss\u00edvel trabalhar outras quest\u00f5es para al\u00e9m do que \u00e9 o m\u00ednimo b\u00e1sico. Na educa\u00e7\u00e3o integral se tem mais atividades focadas que d\u00e3o espa\u00e7o para a juventude ser autora da constru\u00e7\u00e3o de seu pr\u00f3prio conhecimento.\u201d<\/em><\/p>\n\n\n\n<p><em>Na vis\u00e3o da assessora, a metodologia e como ela \u00e9 trabalhada trazem os resultados positivos. \u201cTem o [ensino] t\u00e9cnico, que tem esse protagonismo social e profissional, tem essa miss\u00e3o de desenvolver compet\u00eancias t\u00e1ticas e sociais do mundo do trabalho e a\u00ed se soma mais um elemento dentro do curr\u00edculo da educa\u00e7\u00e3o integral\u201d.<\/em><\/p>\n","protected":false},"excerpt":{"rendered":"<p>A Ag\u00eancia Brasil, parte integrante da Empresa Brasil de Comunica\u00e7\u00e3o, do Governo Federal, publicou reportagem neste s\u00e1bado (24) destacando o protagonismo juvenil no ensino integral&hellip; <\/p>\n","protected":false},"author":1,"featured_media":89711,"comment_status":"closed","ping_status":"closed","sticky":false,"template":"","format":"standard","meta":{"sfsi_plus_gutenberg_text_before_share":"","sfsi_plus_gutenberg_show_text_before_share":"","sfsi_plus_gutenberg_icon_type":"","sfsi_plus_gutenberg_icon_alignemt":"","sfsi_plus_gutenburg_max_per_row":"","footnotes":""},"categories":[2],"tags":[],"class_list":["post-111807","post","type-post","status-publish","format-standard","has-post-thumbnail","hentry","category-geral"],"_links":{"self":[{"href":"https:\/\/www.caririemacao.com\/1\/wp-json\/wp\/v2\/posts\/111807","targetHints":{"allow":["GET"]}}],"collection":[{"href":"https:\/\/www.caririemacao.com\/1\/wp-json\/wp\/v2\/posts"}],"about":[{"href":"https:\/\/www.caririemacao.com\/1\/wp-json\/wp\/v2\/types\/post"}],"author":[{"embeddable":true,"href":"https:\/\/www.caririemacao.com\/1\/wp-json\/wp\/v2\/users\/1"}],"replies":[{"embeddable":true,"href":"https:\/\/www.caririemacao.com\/1\/wp-json\/wp\/v2\/comments?post=111807"}],"version-history":[{"count":1,"href":"https:\/\/www.caririemacao.com\/1\/wp-json\/wp\/v2\/posts\/111807\/revisions"}],"predecessor-version":[{"id":111808,"href":"https:\/\/www.caririemacao.com\/1\/wp-json\/wp\/v2\/posts\/111807\/revisions\/111808"}],"wp:featuredmedia":[{"embeddable":true,"href":"https:\/\/www.caririemacao.com\/1\/wp-json\/wp\/v2\/media\/89711"}],"wp:attachment":[{"href":"https:\/\/www.caririemacao.com\/1\/wp-json\/wp\/v2\/media?parent=111807"}],"wp:term":[{"taxonomy":"category","embeddable":true,"href":"https:\/\/www.caririemacao.com\/1\/wp-json\/wp\/v2\/categories?post=111807"},{"taxonomy":"post_tag","embeddable":true,"href":"https:\/\/www.caririemacao.com\/1\/wp-json\/wp\/v2\/tags?post=111807"}],"curies":[{"name":"wp","href":"https:\/\/api.w.org\/{rel}","templated":true}]}}