{"id":111822,"date":"2019-08-25T11:35:06","date_gmt":"2019-08-25T14:35:06","guid":{"rendered":"http:\/\/www.caririemacao.com\/1\/?p=111822"},"modified":"2019-08-25T11:35:06","modified_gmt":"2019-08-25T14:35:06","slug":"urgentequatro-presos-fogem-da-cadeia-publica-de-sume-nesta-madrugada","status":"publish","type":"post","link":"https:\/\/www.caririemacao.com\/1\/2019\/08\/25\/urgentequatro-presos-fogem-da-cadeia-publica-de-sume-nesta-madrugada\/","title":{"rendered":"Urgente:Quatro presos fogem da cadeia p\u00fablica de Sum\u00e9 nesta madrugada"},"content":{"rendered":"\n<p>Na madrugada deste domingo(25) mais uma fuga foi registrada na Cadeia P\u00fablica de Sum\u00e9, no Cariri da Para\u00edba. Segundo informa\u00e7\u00f5es, quatro detentos fugiram ap\u00f3s abrirem um buraco na parede de uma das celas.<\/p>\n\n\n\n<p>A Pol\u00edcia Militar foi acionada e realizou buscas pelos presos, mas at\u00e9 a manh\u00e3 deste domingo nenhum dos fugitivos da cadeia p\u00fablica tinham sido localizados. As buscas seguem nas cidades vizinhas e em Sum\u00e9, de acordo com a Seap.<\/p>\n\n\n\n<p>No M\u00eas de mar\u00e7o deste ano, seis presos fugiram da cadeia p\u00fablica de Sum\u00e9, que atualmente sofre com a falta de investimentos e a sua estrutura que est\u00e1 comprometida, na qual vem facilitando a fuga dos detentos na unidade prisional.<\/p>\n\n\n\n<p><strong>Foragidos da Cadeia P\u00fablica de Sum\u00e9:<\/strong><\/p>\n\n\n\n<ul class=\"wp-block-list\"><li>Jos\u00e9 Ivanildo da Silva Evangelista<\/li><li>Manuel Lima Bezerra, vulgo J\u00fanior<\/li><li>Leandro Manuel da Silva Melo, vulgo L\u00e9o<\/li><li>Hugo Henrique Martins da Silva, vulgo Huguinho<\/li><\/ul>\n\n\n\n<p><strong>De Olho no Cariri<\/strong><\/p>\n","protected":false},"excerpt":{"rendered":"<p>Na madrugada deste domingo(25) mais uma fuga foi registrada na Cadeia P\u00fablica de Sum\u00e9, no Cariri da Para\u00edba. Segundo informa\u00e7\u00f5es, quatro detentos fugiram ap\u00f3s abrirem&hellip; <\/p>\n","protected":false},"author":1,"featured_media":111823,"comment_status":"closed","ping_status":"closed","sticky":false,"template":"","format":"standard","meta":{"sfsi_plus_gutenberg_text_before_share":"","sfsi_plus_gutenberg_show_text_before_share":"","sfsi_plus_gutenberg_icon_type":"","sfsi_plus_gutenberg_icon_alignemt":"","sfsi_plus_gutenburg_max_per_row":"","footnotes":""},"categories":[50,12],"tags":[],"class_list":["post-111822","post","type-post","status-publish","format-standard","has-post-thumbnail","hentry","category-destaque","category-policia"],"_links":{"self":[{"href":"https:\/\/www.caririemacao.com\/1\/wp-json\/wp\/v2\/posts\/111822","targetHints":{"allow":["GET"]}}],"collection":[{"href":"https:\/\/www.caririemacao.com\/1\/wp-json\/wp\/v2\/posts"}],"about":[{"href":"https:\/\/www.caririemacao.com\/1\/wp-json\/wp\/v2\/types\/post"}],"author":[{"embeddable":true,"href":"https:\/\/www.caririemacao.com\/1\/wp-json\/wp\/v2\/users\/1"}],"replies":[{"embeddable":true,"href":"https:\/\/www.caririemacao.com\/1\/wp-json\/wp\/v2\/comments?post=111822"}],"version-history":[{"count":1,"href":"https:\/\/www.caririemacao.com\/1\/wp-json\/wp\/v2\/posts\/111822\/revisions"}],"predecessor-version":[{"id":111824,"href":"https:\/\/www.caririemacao.com\/1\/wp-json\/wp\/v2\/posts\/111822\/revisions\/111824"}],"wp:featuredmedia":[{"embeddable":true,"href":"https:\/\/www.caririemacao.com\/1\/wp-json\/wp\/v2\/media\/111823"}],"wp:attachment":[{"href":"https:\/\/www.caririemacao.com\/1\/wp-json\/wp\/v2\/media?parent=111822"}],"wp:term":[{"taxonomy":"category","embeddable":true,"href":"https:\/\/www.caririemacao.com\/1\/wp-json\/wp\/v2\/categories?post=111822"},{"taxonomy":"post_tag","embeddable":true,"href":"https:\/\/www.caririemacao.com\/1\/wp-json\/wp\/v2\/tags?post=111822"}],"curies":[{"name":"wp","href":"https:\/\/api.w.org\/{rel}","templated":true}]}}