{"id":111828,"date":"2019-08-25T12:30:50","date_gmt":"2019-08-25T15:30:50","guid":{"rendered":"http:\/\/www.caririemacao.com\/1\/?p=111828"},"modified":"2019-08-25T12:30:50","modified_gmt":"2019-08-25T15:30:50","slug":"choque-entre-helicoptero-e-ultraleve-mata-5-na-espanha","status":"publish","type":"post","link":"https:\/\/www.caririemacao.com\/1\/2019\/08\/25\/choque-entre-helicoptero-e-ultraleve-mata-5-na-espanha\/","title":{"rendered":"Choque entre helic\u00f3ptero e ultraleve mata 5 na Espanha"},"content":{"rendered":"\n<p>Pelo menos cinco pessoas, incluindo um menor de idade, morreram neste domingo (25) ap\u00f3s a colis\u00e3o entre um helic\u00f3ptero e um ultraleve na ilha espanhola de Maiorca (Ilhas Baleares), informou o governo regional.<\/p>\n\n\n\n<p>Ainda n\u00e3o foram informadas as causas da colis\u00e3o entre as aeronaves, ambas em uso privado, informou o jornal Diario de Mallorca. Duas pessoas estavam a bordo do ultraleve e tr\u00eas outras, um casal e um menor, estavam no helic\u00f3ptero.<\/p>\n\n\n\n<p>&#8220;O primeiro balan\u00e7o \u00e9 de 5 pessoas mortas, uma delas menor de idade. Os servi\u00e7os de emerg\u00eancia est\u00e3o atuando&#8221;, informou o governo regional das Baleares em sua conta no Twitter.<\/p>\n\n\n\n<p>O acidente ocorreu em Inca, no centro da ilha, massivamente frequentada por turistas espanh\u00f3is e estrangeiros no ver\u00e3o.<\/p>\n\n\n\n<p>&#8220;Minha solidariedade e amor para as fam\u00edlias das v\u00edtimas que perderam suas vidas neste tr\u00e1gico acidente&#8221;, tuitou o primeiro-ministro espanhol, Pedro Sanchez.<\/p>\n\n\n\n<p>A Guarda Civil indicou que as causas est\u00e3o sendo investigadas e que as nacionalidades das v\u00edtimas s\u00e3o desconhecidas.<\/p>\n\n\n\n<p><\/p>\n\n\n\n<p>fonte: g1<\/p>\n","protected":false},"excerpt":{"rendered":"<p>Pelo menos cinco pessoas, incluindo um menor de idade, morreram neste domingo (25) ap\u00f3s a colis\u00e3o entre um helic\u00f3ptero e um ultraleve na ilha espanhola&hellip; <\/p>\n","protected":false},"author":1,"featured_media":111829,"comment_status":"closed","ping_status":"closed","sticky":false,"template":"","format":"standard","meta":{"sfsi_plus_gutenberg_text_before_share":"","sfsi_plus_gutenberg_show_text_before_share":"","sfsi_plus_gutenberg_icon_type":"","sfsi_plus_gutenberg_icon_alignemt":"","sfsi_plus_gutenburg_max_per_row":"","footnotes":""},"categories":[2],"tags":[],"class_list":["post-111828","post","type-post","status-publish","format-standard","has-post-thumbnail","hentry","category-geral"],"_links":{"self":[{"href":"https:\/\/www.caririemacao.com\/1\/wp-json\/wp\/v2\/posts\/111828","targetHints":{"allow":["GET"]}}],"collection":[{"href":"https:\/\/www.caririemacao.com\/1\/wp-json\/wp\/v2\/posts"}],"about":[{"href":"https:\/\/www.caririemacao.com\/1\/wp-json\/wp\/v2\/types\/post"}],"author":[{"embeddable":true,"href":"https:\/\/www.caririemacao.com\/1\/wp-json\/wp\/v2\/users\/1"}],"replies":[{"embeddable":true,"href":"https:\/\/www.caririemacao.com\/1\/wp-json\/wp\/v2\/comments?post=111828"}],"version-history":[{"count":1,"href":"https:\/\/www.caririemacao.com\/1\/wp-json\/wp\/v2\/posts\/111828\/revisions"}],"predecessor-version":[{"id":111830,"href":"https:\/\/www.caririemacao.com\/1\/wp-json\/wp\/v2\/posts\/111828\/revisions\/111830"}],"wp:featuredmedia":[{"embeddable":true,"href":"https:\/\/www.caririemacao.com\/1\/wp-json\/wp\/v2\/media\/111829"}],"wp:attachment":[{"href":"https:\/\/www.caririemacao.com\/1\/wp-json\/wp\/v2\/media?parent=111828"}],"wp:term":[{"taxonomy":"category","embeddable":true,"href":"https:\/\/www.caririemacao.com\/1\/wp-json\/wp\/v2\/categories?post=111828"},{"taxonomy":"post_tag","embeddable":true,"href":"https:\/\/www.caririemacao.com\/1\/wp-json\/wp\/v2\/tags?post=111828"}],"curies":[{"name":"wp","href":"https:\/\/api.w.org\/{rel}","templated":true}]}}